{"id":7027,"date":"2022-12-16T15:30:54","date_gmt":"2022-12-16T18:30:54","guid":{"rendered":"https:\/\/www.omie.com.br\/blog\/?p=7027"},"modified":"2024-05-07T16:02:27","modified_gmt":"2024-05-07T19:02:27","slug":"na-conta-do-ceo-um-cafe-da-manha-cheio-de-networking-e-descontracao","status":"publish","type":"post","link":"https:\/\/www.omie.com.br\/blog\/na-conta-do-ceo-um-cafe-da-manha-cheio-de-networking-e-descontracao\/","title":{"rendered":"Na Conta do CEO: um caf\u00e9 da manh\u00e3 cheio de networking e descontra\u00e7\u00e3o"},"content":{"rendered":"<p id=\"\">O \u00faltimo dia 17 de novembro come\u00e7ou diferente. Em uma manh\u00e3 cheia de <em id=\"\">insights<\/em>, Marcelo Lombardo, CEO da Omie, se reuniu com 20 executivos de vendas que foram destaque no m\u00eas de outubro em um encontro exclusivo para compartilhar experi\u00eancias e trocar ideias.<\/p>\n<p id=\"\">Em um clima descontra\u00eddo e bem-humorado, os executivos trouxeram na bagagem as suas hist\u00f3rias de vida, compartilharam objetivos e sonhos e ainda tiveram a oportunidade de conhecer o nosso CEO mais de perto, para descobrir quem \u00e9 o Marcelo Lombardo por tr\u00e1s do crach\u00e1.<\/p>\n<p id=\"\">Essa aproxima\u00e7\u00e3o \u00e9 muito valiosa n\u00e3o s\u00f3 para conhecer melhor os companheiros de profiss\u00e3o em todos os seus \u00e2mbitos, mas tamb\u00e9m para expor ideias, tirar d\u00favidas, discutir novas estrat\u00e9gias de trabalho e, claro, elevar ainda mais a visibilidade profissional.<\/p>\n<p id=\"\">Confira um pouco deste encontro megaespecial:<\/p>\n<figure class=\"w-richtext-figure-type-image w-richtext-align-fullwidth\" style=\"max-width: 1358px;\" data-rt-type=\"image\" data-rt-align=\"fullwidth\" data-rt-max-width=\"1358px\">\n<div><img decoding=\"async\" src=\"https:\/\/www.omie.com.br\/blog\/wp-content\/uploads\/2023\/02\/639c8f117a0ca73b74e1489b_image-96.png\" alt=\"\" title=\"\"><\/div>\n<\/figure>\n<p id=\"\">Manter um ambiente de trabalho saud\u00e1vel, extrovertido, e, ao mesmo tempo, com equipes respons\u00e1veis e de alta performance \u00e9 um grande desafio. Por isso, bater um papo com o CEO e entender seus desafios como l\u00edder tamb\u00e9m \u00e9 uma forma de compreender as cobran\u00e7as e os resultados esperados de cada equipe.<\/p>\n<p id=\"\">Somos uma empresa que valoriza a hist\u00f3ria pessoal e profissional de cada um de nossos colaboradores. Por isso, acreditamos que incentivar essa proximidade, tanto com os colegas quanto com o CEO, \u00e9 um bom modo de fortalecer a nossa cultura e estreitar o relacionamento entre l\u00edderes e liderados de maneira leve e genu\u00edna.<\/p>\n<p id=\"\">Fique ligado, porque a 2\u00aa edi\u00e7\u00e3o logo vem a\u00ed com mais novidades, descontra\u00e7\u00e3o, e claro, aquele cafezinho que torna qualquer bate-papo mais interessante!<\/p>\n","protected":false},"excerpt":{"rendered":"<p>Confira como foi a 1\u00aa edi\u00e7\u00e3o desse encontro que reuniu executivos Omie de todo o Brasil em um bate-papo exclusivo<\/p>\n","protected":false},"author":10,"featured_media":7389,"comment_status":"closed","ping_status":"closed","sticky":false,"template":"","format":"standard","meta":{"footnotes":""},"categories":[403],"tags":[],"class_list":["post-7027","post","type-post","status-publish","format-standard","has-post-thumbnail","hentry","category-eventos"],"_links":{"self":[{"href":"https:\/\/www.omie.com.br\/blog\/wp-json\/wp\/v2\/posts\/7027","targetHints":{"allow":["GET"]}}],"collection":[{"href":"https:\/\/www.omie.com.br\/blog\/wp-json\/wp\/v2\/posts"}],"about":[{"href":"https:\/\/www.omie.com.br\/blog\/wp-json\/wp\/v2\/types\/post"}],"author":[{"embeddable":true,"href":"https:\/\/www.omie.com.br\/blog\/wp-json\/wp\/v2\/users\/10"}],"replies":[{"embeddable":true,"href":"https:\/\/www.omie.com.br\/blog\/wp-json\/wp\/v2\/comments?post=7027"}],"version-history":[{"count":1,"href":"https:\/\/www.omie.com.br\/blog\/wp-json\/wp\/v2\/posts\/7027\/revisions"}],"predecessor-version":[{"id":18374,"href":"https:\/\/www.omie.com.br\/blog\/wp-json\/wp\/v2\/posts\/7027\/revisions\/18374"}],"wp:featuredmedia":[{"embeddable":true,"href":"https:\/\/www.omie.com.br\/blog\/wp-json\/wp\/v2\/media\/7389"}],"wp:attachment":[{"href":"https:\/\/www.omie.com.br\/blog\/wp-json\/wp\/v2\/media?parent=7027"}],"wp:term":[{"taxonomy":"category","embeddable":true,"href":"https:\/\/www.omie.com.br\/blog\/wp-json\/wp\/v2\/categories?post=7027"},{"taxonomy":"post_tag","embeddable":true,"href":"https:\/\/www.omie.com.br\/blog\/wp-json\/wp\/v2\/tags?post=7027"}],"curies":[{"name":"wp","href":"https:\/\/api.w.org\/{rel}","templated":true}]}}