{"id":7104,"date":"2022-12-27T17:34:23","date_gmt":"2022-12-27T20:34:23","guid":{"rendered":"https:\/\/www.omie.com.br\/blog\/?p=7104"},"modified":"2024-05-13T16:17:33","modified_gmt":"2024-05-13T19:17:33","slug":"boletim-mensal-iode-pmes-confira-as-atualizacoes-de-novembro","status":"publish","type":"post","link":"https:\/\/www.omie.com.br\/blog\/boletim-mensal-iode-pmes-confira-as-atualizacoes-de-novembro\/","title":{"rendered":"Boletim mensal IODE-PMEs: confira as atualiza\u00e7\u00f5es de novembro"},"content":{"rendered":"<p id=\"\">Mais um ano chega ao fim, e a perspectiva para o futuro das pequenas e m\u00e9dias empresas brasileiras em 2023 ainda \u00e9 um pouco incerta devido \u00e0 subida de juros do Banco Central nos \u00faltimos meses.<\/p>\n<p id=\"\">Segundo especialistas da \u00e1rea, os juros elevados podem acabar dificultando a tomada de <a id=\"\" href=\"https:\/\/www.omie.com.br\/credito\/\" target=\"_blank\" rel=\"noopener\">cr\u00e9dito empresarial<\/a>, o que prejudica a evolu\u00e7\u00e3o do consumo e os investimentos. Por outro lado, as proje\u00e7\u00f5es de avan\u00e7o no PIB ajudam a elevar essa perspectiva de crescimento para as PMEs.<\/p>\n<p id=\"\">Mas antes de falar de 2023, vamos conferir os destaques do m\u00eas de novembro do boletim IODE-PMEs, o term\u00f4metro econ\u00f4mico das PMEs brasileiras desenvolvido pela Omie para monitorar e analisar empresas com faturamento de at\u00e9 R$ 50 milh\u00f5es anuais em 637 atividades econ\u00f4micas de todos os setores. Confira!<\/p>\n<h2 id=\"\">Resultados recentes do IODE-PMEs<\/h2>\n<p id=\"\">Em compara\u00e7\u00e3o com novembro de 2021, a m\u00e9dia das movimenta\u00e7\u00f5es financeiras das PMEs brasileiras recuou cerca de 4%, por\u00e9m apresentou crescimento de 2,5% se comparado com o m\u00eas passado.<\/p>\n<p id=\"\">Os resultados negativos nos \u00faltimos dois meses acendem um alerta acerca de uma eventual perda de f\u00f4lego mais prolongada do mercado de PMEs no curto prazo. Apesar disso, no acumulado anual at\u00e9 novembro, o IODE-PMEs mostra um crescimento das PMEs de quase 2% em rela\u00e7\u00e3o ao mesmo per\u00edodo de 2021.<\/p>\n<figure id=\"\" class=\"w-richtext-figure-type-image w-richtext-align-fullwidth\" style=\"max-width: 1040px;\" data-rt-type=\"image\" data-rt-align=\"fullwidth\" data-rt-max-width=\"1040px\">\n<div id=\"\"><img decoding=\"async\" id=\"\" src=\"https:\/\/uploads-ssl.webflow.com\/56c5b86020f9e0ef31f4cb85\/63ab2c19d4e30c4c9b06fd4d_hVj2qgVkKRvAlpaAc3FaUDdUhg-S6O5gHMlVZ04G2qLSe0CwYQTMx0qwsgnWDhNoTF_7kc_V_9YcVkyKfWSpRSKGzv7s20JYH2ublWyMMh4benMM0PgY2eT45s8W6EZaffKZEt0fLtWXeVFNdbVGHchDaGWGGIsCfHQXqIk9JAgzcH8ecWs4_lmoAzD3CQ.png\" width=\"auto\" height=\"auto\" alt=\"\" title=\"\"><\/div>\n<\/figure>\n<p id=\"\">Um dos motivos que mais influenciaram o desempenho das PMEs no per\u00edodo recente foi a subida de juros no pa\u00eds, principalmente devido \u00e0s press\u00f5es inflacion\u00e1rias que atingiram a economia brasileira a partir do segundo semestre de 2021. Esse \u00e9 um fator que dificulta a tomada de cr\u00e9dito e prejudica a evolu\u00e7\u00e3o dos investimentos em geral.<\/p>\n<p id=\"\">Segundo o IODE-PMEs, esse resultado negativo do mercado de PMEs em novembro foi puxado pelo fraco desempenho dos setores de Com\u00e9rcio e Servi\u00e7os \u2013 segmentos de maior participa\u00e7\u00e3o na economia brasileira. Em contrapartida, a movimenta\u00e7\u00e3o financeira das PMEs no setor industrial avan\u00e7ou 1,3%, e as PMEs do setor de infraestrutura tamb\u00e9m apresentaram resultado positivo de 3,4% YoY.\u200d<\/p>\n<h2 id=\"\">Destaques do boletim no m\u00eas de novembro\/2022<\/h2>\n<ul id=\"\">\n<li id=\"\">IODE-PMEs volta a recuar em novembro (-4,0% ante novembro\/21);<\/li>\n<\/ul>\n<ul id=\"\">\n<li id=\"\">Com\u00e9rcio e Servi\u00e7os puxaram o resultado do mercado para o campo negativo no \u00faltimo m\u00eas, reafirmando tend\u00eancia vista em outubro;<\/li>\n<\/ul>\n<ul id=\"\">\n<li id=\"\">PMEs do setor industrial seguem em crescimento;<\/li>\n<li id=\"\">Mesmo com o resultado negativo no Com\u00e9rcio, Black Friday impulsionou as vendas de alguns segmentos do varejo.<\/li>\n<\/ul>\n<figure id=\"\" class=\"w-richtext-figure-type-image w-richtext-align-fullwidth\" style=\"max-width: 647px;\" data-rt-type=\"image\" data-rt-align=\"fullwidth\" data-rt-max-width=\"647px\">\n<div id=\"\"><img decoding=\"async\" id=\"\" src=\"https:\/\/uploads-ssl.webflow.com\/56c5b86020f9e0ef31f4cb85\/63ab2c19a0594670fe7fb987_xQOshBX5RVH2poCe6Tjg_NXw7lIjmfNFCzspS9MXgbs6lYzenyffrLF7RZz9XIuDTycWne7nbNuVI6-Z_xVxR84xGWMm_tMyo2LcUzG96XTi6LvLKXzvsA2Lp3UdOYbRGiJ6ahVALWsJPwgEM0bUSQsC2Yk3D0qSHWlu6aFXRMOAEG61ZuhETRo1iYYwSA.png\" width=\"auto\" height=\"auto\" alt=\"\" title=\"\"><\/div>\n<\/figure>\n<h2 id=\"\">Acesse e confira o boletim completo<\/h2>\n<p id=\"\">Confira o material completo com an\u00e1lises detalhadas feitas pelos melhores especialistas, para ficar por dentro de todas as novidades do mercado das PMEs brasileiras.<\/p>\n<p id=\"\">No boletim IODE-PMEs voc\u00ea encontra infogr\u00e1ficos, tabelas e todos os detalhes macroecon\u00f4micos e setoriais que podem te ajudar a criar estrat\u00e9gias para o seu neg\u00f3cio, al\u00e9m de entender como os seus concorrentes, fornecedores e clientes podem ser influenciados por esses resultados.<\/p>\n<p id=\"\">Clique <a id=\"\" href=\"https:\/\/www.omie.com.br\/indice-economico\/?utm_campaign=iode-dez22&amp;utm_source=blog-dez22&amp;utm_term=awareness&amp;utm_medium=clique&amp;utm_content=\" target=\"_blank\" rel=\"noopener\">aqui<\/a> e confira o material completo.<\/p>\n<p id=\"\">Saiba como os dados do IODE-PMEs podem te ajudar a tra\u00e7ar estrat\u00e9gias no v\u00eddeo abaixo:<\/p>\n<p><iframe title=\"Saiba como os dados do IODE-PMEs podem te ajudar a tra\u00e7ar estrat\u00e9gias para os neg\u00f3cios\" width=\"800\" height=\"450\" src=\"https:\/\/www.youtube.com\/embed\/bufCF03qk5M?feature=oembed\" frameborder=\"0\" allow=\"accelerometer; autoplay; clipboard-write; encrypted-media; gyroscope; picture-in-picture; web-share\" referrerpolicy=\"strict-origin-when-cross-origin\" allowfullscreen><\/iframe><\/p>\n","protected":false},"excerpt":{"rendered":"<p>Juros elevados e queda da confian\u00e7a do consumidor impactam neg\u00f3cios de diferentes segmentos. Confira<\/p>\n","protected":false},"author":10,"featured_media":7429,"comment_status":"closed","ping_status":"closed","sticky":false,"template":"","format":"standard","meta":{"footnotes":""},"categories":[418],"tags":[],"class_list":["post-7104","post","type-post","status-publish","format-standard","has-post-thumbnail","hentry","category-relatorio-iode"],"_links":{"self":[{"href":"https:\/\/www.omie.com.br\/blog\/wp-json\/wp\/v2\/posts\/7104","targetHints":{"allow":["GET"]}}],"collection":[{"href":"https:\/\/www.omie.com.br\/blog\/wp-json\/wp\/v2\/posts"}],"about":[{"href":"https:\/\/www.omie.com.br\/blog\/wp-json\/wp\/v2\/types\/post"}],"author":[{"embeddable":true,"href":"https:\/\/www.omie.com.br\/blog\/wp-json\/wp\/v2\/users\/10"}],"replies":[{"embeddable":true,"href":"https:\/\/www.omie.com.br\/blog\/wp-json\/wp\/v2\/comments?post=7104"}],"version-history":[{"count":1,"href":"https:\/\/www.omie.com.br\/blog\/wp-json\/wp\/v2\/posts\/7104\/revisions"}],"predecessor-version":[{"id":18469,"href":"https:\/\/www.omie.com.br\/blog\/wp-json\/wp\/v2\/posts\/7104\/revisions\/18469"}],"wp:featuredmedia":[{"embeddable":true,"href":"https:\/\/www.omie.com.br\/blog\/wp-json\/wp\/v2\/media\/7429"}],"wp:attachment":[{"href":"https:\/\/www.omie.com.br\/blog\/wp-json\/wp\/v2\/media?parent=7104"}],"wp:term":[{"taxonomy":"category","embeddable":true,"href":"https:\/\/www.omie.com.br\/blog\/wp-json\/wp\/v2\/categories?post=7104"},{"taxonomy":"post_tag","embeddable":true,"href":"https:\/\/www.omie.com.br\/blog\/wp-json\/wp\/v2\/tags?post=7104"}],"curies":[{"name":"wp","href":"https:\/\/api.w.org\/{rel}","templated":true}]}}