{"id":7191,"date":"2023-01-09T18:24:21","date_gmt":"2023-01-09T21:24:21","guid":{"rendered":"https:\/\/www.omie.com.br\/blog\/?p=7191"},"modified":"2024-06-17T17:59:40","modified_gmt":"2024-06-17T20:59:40","slug":"omie-na-imprensa-veja-os-destaques-dessa-semana-15","status":"publish","type":"post","link":"https:\/\/www.omie.com.br\/blog\/omie-na-imprensa-veja-os-destaques-dessa-semana-15\/","title":{"rendered":"Omie na Imprensa: veja os destaques dessa semana!"},"content":{"rendered":"<h2 id=\"\"><strong id=\"\">Institucional <\/strong><\/h2>\n<h4 id=\"\"><strong id=\"\">CEO da Omie, Marcelo Lombardo, conta como a empresa cresceu com gest\u00e3o ERP<\/strong><\/h4>\n<p id=\"\">Marcelo Lombardo, CEO e cofundador da Omie, contou ao iHUB Lounge sobre a hist\u00f3ria da empresa e os principais desafios de seu mercado de atua\u00e7\u00e3o.<a href=\"https:\/\/ihublounge.com.br\/por-dentro-das-empresas\/marcelo-lombardo-omie\" target=\"_blank\" rel=\"noopener\">\u200d<\/a><\/p>\n<blockquote><p>\u200d<strong>Leia mais: <\/strong><a href=\"https:\/\/ihublounge.com.br\/por-dentro-das-empresas\/marcelo-lombardo-omie\" target=\"_blank\" rel=\"noopener\"><strong>iHUB Lounge<\/strong><\/a><\/p><\/blockquote>\n<h4><strong>\u200d<\/strong><a id=\"\" href=\"https:\/\/ihublounge.com.br\/por-dentro-das-empresas\/marcelo-lombardo-omie\" target=\"_blank\" rel=\"noopener\"><br \/>\n<\/a>5 minutos com Aurora Suh, CRO da Omie<\/h4>\n<p id=\"\">Aurora Suh, CRO da Omie, conversou com o portal Startups sobre a sua trajet\u00f3ria dentro e fora da institui\u00e7\u00e3o, al\u00e9m de contar sobre os desafios que encontra \u00e0 frente da \u00e1rea de Receita da scale-up.<\/p>\n<blockquote id=\"\"><p><strong>Leia mais: <\/strong><a href=\"https:\/\/startups.com.br\/noticias\/5-minutos-com-aurora-suh-cro-omie\/\" target=\"_blank\" rel=\"noopener\"><strong>Startups<\/strong><\/a><\/p><\/blockquote>\n<h4 id=\"\">\u200d<a href=\"https:\/\/startups.com.br\/noticias\/5-minutos-com-aurora-suh-cro-omie\/\" target=\"_blank\" rel=\"noopener\"><br \/>\n<\/a>Entrevista &#8211; Na mesma p\u00e1gina<\/h4>\n<p id=\"\">Ingrid Barth, CEO da Linker, contou \u00e0 Revista Exame como foi o processo e os m\u00e9todos utilizados para alinhar a cultura da empresa na fus\u00e3o com a scale-up Omie.<\/p>\n<blockquote id=\"\"><p><strong>Leia mais: Exame <\/strong><a id=\"\" href=\"https:\/\/exame.com\/revista-exame\/na-mesma-pagina\/\" target=\"_blank\" rel=\"noopener\"><strong>Vers\u00e3o online<\/strong><\/a><strong> | <\/strong><a href=\"https:\/\/drive.google.com\/file\/d\/15vVdAl-98IGeB0MUmbh28VPtAfJ46EfZ\/view?usp=sharing\" target=\"_blank\" rel=\"noopener\"><strong>Vers\u00e3o impressa<\/strong><\/a><\/p><\/blockquote>\n<p><strong>\u200d<\/strong><\/p>\n<h4 id=\"\">Sela\u00e7\u00e3o do Startups em 2022<\/h4>\n<p id=\"\">Com o fim da Copa do Mundo, o portal Startups fez uma lista das principais empresas que se destacaram em 2022, comparando com posi\u00e7\u00f5es de jogadores de futebol, \u201cescalando\u201d a Omie por seus grandes an\u00fancios feitos no decorrer do ano.<\/p>\n<blockquote id=\"\"><p><strong>Leia mais: <\/strong><a id=\"\" href=\"https:\/\/startups.com.br\/noticias\/conheca-as-empresas-da-selecao-do-startups-em-2022\/\" target=\"_blank\" rel=\"noopener\"><strong>Startups<\/strong><\/a><strong> | <\/strong><a href=\"https:\/\/www.terra.com.br\/economia\/dinheiro-em-dia\/meu-negocio\/conheca-as-empresas-da-selecao-do-startups-em-2022,bd4ce5adcbf49c3092b913e1be9589e130qotn5b.html\" target=\"_blank\" rel=\"noopener\"><strong>Terra<\/strong><\/a><\/p><\/blockquote>\n<h4 id=\"\">\u200d<a href=\"https:\/\/www.terra.com.br\/economia\/dinheiro-em-dia\/meu-negocio\/conheca-as-empresas-da-selecao-do-startups-em-2022,bd4ce5adcbf49c3092b913e1be9589e130qotn5b.html\" target=\"_blank\" rel=\"noopener\"><br \/>\n<\/a>Ano novo: gest\u00e3o nova<\/h4>\n<p id=\"\">Gest\u00e3o empresarial, em um cen\u00e1rio econ\u00f4mico diferente e desafiador, deve ser uma prioridade para os empreendedores no ano que se inicia. Confira as propostas e tend\u00eancias para 2023, segundo Marcelo Lombardo, CEO e cofundador da Omie, e Heverton Gentilim, diretor de Produtos do OneFlow.<\/p>\n<blockquote id=\"\"><p><strong>Leia mais: <\/strong><a href=\"https:\/\/startupi.com.br\/ano-novo-gestao-nova-o-que-vem-pela-frente-em-2023\/\" target=\"_blank\" rel=\"noopener\"><strong>Startupi<\/strong><\/a><\/p><\/blockquote>\n<p id=\"\">\u200d<\/p>\n<h4 id=\"\">Mapa das startups<\/h4>\n<p id=\"\">A Omie comp\u00f5e o mapa de startups criado pela Exame para se observar e acompanhar seu crescimento durante o ano de 2023, na categoria de \u201cRetailtechs\u201d.<\/p>\n<blockquote id=\"\"><p><strong>Leia mais: <\/strong><a href=\"https:\/\/exame.com\/revista-exame\/o-mapa-das-startups\/\" target=\"_blank\" rel=\"noopener\"><strong>Exame<\/strong><\/a><\/p><\/blockquote>\n<p id=\"\">\u200d<\/p>\n<h4>Os maiores neg\u00f3cios de sa\u00edda de investidor no ano na Am\u00e9rica Latina<\/h4>\n<p>Com a compra da <a id=\"\" href=\"https:\/\/www.omie.com.br\/imprensa\/omie-anuncia-compra-da-conpass\/\">Conpass<\/a> em fevereiro de 2022, a Omie aparece em uma lista da Bloomberg L\u00ednea, importante portal de not\u00edcias, como um dos neg\u00f3cios com maior sa\u00edda de investidores da Am\u00e9rica Latina no ano passado.<\/p>\n<blockquote id=\"\"><p><strong>Leia mais: <\/strong><a href=\"https:\/\/www.bloomberglinea.com.br\/2022\/12\/31\/estes-foram-os-maiores-eventos-de-saida-de-investidores-no-ano-na-america-latina\/\" target=\"_blank\" rel=\"noopener\"><strong>Bloomberg Linea<\/strong><\/a><\/p><\/blockquote>\n<p id=\"\">\u200d<\/p>\n<h2 id=\"\">IODE-PMES<\/h2>\n<p>\u200d<\/p>\n<h4 id=\"\">Desempenho PMES na Black Friday<\/h4>\n<p id=\"\">IODE-PMES aponta que as pequenas e m\u00e9dias empresas tiveram resultados positivos na \u00faltima Black Friday, crescendo a 7% se comparado ao m\u00eas anterior a data.<\/p>\n<blockquote id=\"\"><p><strong>Leia mais <\/strong><a id=\"\" href=\"https:\/\/oglobo.globo.com\/blogs\/miriam-leitao\/post\/2022\/12\/o-desempenho-das-pequenas-e-medias-empresas-na-black-friday.ghtml\" target=\"_blank\" rel=\"noopener\"><strong>O Globo<\/strong><\/a><strong> | <\/strong><a id=\"\" href=\"https:\/\/exame.com\/negocios\/vendas-do-comercio-das-pequenas-empresas-crescem-7-na-black-friday-2022\/\" target=\"_blank\" rel=\"noopener\"><strong>Exame<\/strong><\/a><strong>\u00a0<\/strong><\/p><\/blockquote>\n<h4 id=\"\">Artigo &#8211; \u201cCopa do Mundo fora de \u00e9poca traz incertezas adicionais para os empreendedores brasileiros\u201d<\/h4>\n<p id=\"\">A realiza\u00e7\u00e3o da Copa do Mundo elevou as incertezas sobre o efeito do evento na economia brasileira em geral, segundo a an\u00e1lise feita por Felipe Beraldi, gerente de Indicadores e Estudos Econ\u00f4micos da Omie.<\/p>\n<blockquote id=\"\"><p><strong>Leia mais: <\/strong><a id=\"\" href=\"https:\/\/expresso222.com.br\/copa-do-mundo-fora-de-epoca-traz-incertezas-adicionais-para-os-empreendedores-brasileiros\/#primaryimage\" target=\"_blank\" rel=\"noopener\"><strong>Expresso 222<\/strong><\/a><\/p><\/blockquote>\n<h4 id=\"\">Pequenas e m\u00e9dias empresas recuam 4% em novembro<\/h4>\n<p id=\"\">Faturamento das PMEs apresentam queda de 4% em rela\u00e7\u00e3o ao per\u00edodo hom\u00f3logo, apesar da queda, IODE-PMES aponta crescimento de 1,9% ao acumulado do per\u00edodo no ano anterior.<\/p>\n<blockquote id=\"\"><p><strong>Leia mais: <\/strong><a id=\"\" href=\"https:\/\/exame.com\/negocios\/pequenas-e-medias-empresas-recuam-4-em-novembro-em-comparacao-com-2021\/\" target=\"_blank\" rel=\"noopener\"><strong>Exame<\/strong><\/a><\/p><\/blockquote>\n<h2 id=\"\">Produtos<\/h2>\n<h4 id=\"\">Cobran\u00e7a via Pix no Omie.Cash<\/h4>\n<p id=\"\">A Omie.Cash, conta digital integrada ao sistema de gest\u00e3o Omie, anunciou novos recursos para suas solu\u00e7\u00f5es Pix, como a emiss\u00e3o de cobran\u00e7as, uma op\u00e7\u00e3o ao boleto, com intuito de acelerar a solu\u00e7\u00e3o.<\/p>\n<blockquote id=\"\"><p><strong>Leia mais: <\/strong><a id=\"\" href=\"https:\/\/www.portalcontnews.com.br\/cobranca-via-pix-novo-recurso-da-omie-cash-pode-ser-opcao-mais-moderna-e-barata-ao-boleto-segundo-diretor-da-omie\/\" target=\"_blank\" rel=\"noopener\"><strong>Portal ContNews<\/strong><\/a><\/p><\/blockquote>\n<p id=\"\">\u200d<\/p>\n<h2 id=\"\">Omie.Academy<\/h2>\n<h4 id=\"\">Omie.Academy oferece curso de gest\u00e3o da diversidade<\/h4>\n<p id=\"\">Tornar o ambiente de trabalho cada vez mais inclusivo \u00e9 uma necessidade atual e por isso, a Omie.Academy lan\u00e7ou um curso gratuito de gest\u00e3o da diversidade nas empresas.<\/p>\n<blockquote id=\"\"><p><strong>Leia mais: <\/strong><a href=\"https:\/\/tecflow.com.br\/2022\/12\/26\/omie-academy-oferece-curso-gratuito-de-gestao-de-diversidade\/\" target=\"_blank\" rel=\"noopener\"><strong>Tecflow<\/strong><\/a><\/p><\/blockquote>\n<p id=\"\">\u200d<\/p>\n<h2 id=\"\">Vagas<\/h2>\n<h4 id=\"\">Omie tem vagas em aberto<\/h4>\n<p id=\"\">A empresa est\u00e1 com oportunidades em aberto para diversos estados do pa\u00eds, com possibilidade de trabalho h\u00edbrido, e conta ainda com um banco de talentos direcionado \u00e0 diversidade.<\/p>\n<blockquote id=\"\"><p><strong>Leia mais: <\/strong><a href=\"https:\/\/noticiasconcursos.com.br\/omie-oferece-diversas-vagas-de-emprego-em-todo-pais\/\" target=\"_blank\" rel=\"noopener\"><strong>Not\u00edcias Concursos<\/strong><br \/>\n<\/a><\/p><\/blockquote>\n","protected":false},"excerpt":{"rendered":"<p>Confira os principais releases da Omie na imprensa nas \u00faltimas semanas.<\/p>\n","protected":false},"author":10,"featured_media":7472,"comment_status":"closed","ping_status":"closed","sticky":false,"template":"","format":"standard","meta":{"footnotes":""},"categories":[406,394],"tags":[],"class_list":["post-7191","post","type-post","status-publish","format-standard","has-post-thumbnail","hentry","category-imprensa","category-omie"],"_links":{"self":[{"href":"https:\/\/www.omie.com.br\/blog\/wp-json\/wp\/v2\/posts\/7191","targetHints":{"allow":["GET"]}}],"collection":[{"href":"https:\/\/www.omie.com.br\/blog\/wp-json\/wp\/v2\/posts"}],"about":[{"href":"https:\/\/www.omie.com.br\/blog\/wp-json\/wp\/v2\/types\/post"}],"author":[{"embeddable":true,"href":"https:\/\/www.omie.com.br\/blog\/wp-json\/wp\/v2\/users\/10"}],"replies":[{"embeddable":true,"href":"https:\/\/www.omie.com.br\/blog\/wp-json\/wp\/v2\/comments?post=7191"}],"version-history":[{"count":1,"href":"https:\/\/www.omie.com.br\/blog\/wp-json\/wp\/v2\/posts\/7191\/revisions"}],"predecessor-version":[{"id":19012,"href":"https:\/\/www.omie.com.br\/blog\/wp-json\/wp\/v2\/posts\/7191\/revisions\/19012"}],"wp:featuredmedia":[{"embeddable":true,"href":"https:\/\/www.omie.com.br\/blog\/wp-json\/wp\/v2\/media\/7472"}],"wp:attachment":[{"href":"https:\/\/www.omie.com.br\/blog\/wp-json\/wp\/v2\/media?parent=7191"}],"wp:term":[{"taxonomy":"category","embeddable":true,"href":"https:\/\/www.omie.com.br\/blog\/wp-json\/wp\/v2\/categories?post=7191"},{"taxonomy":"post_tag","embeddable":true,"href":"https:\/\/www.omie.com.br\/blog\/wp-json\/wp\/v2\/tags?post=7191"}],"curies":[{"name":"wp","href":"https:\/\/api.w.org\/{rel}","templated":true}]}}