{"id":7840,"date":"2023-02-06T15:20:52","date_gmt":"2023-02-06T18:20:52","guid":{"rendered":"https:\/\/www.omie.com.br\/blog\/?p=7840"},"modified":"2024-06-28T16:53:14","modified_gmt":"2024-06-28T19:53:14","slug":"omie-na-imprensa-veja-os-destaques-dessa-semana","status":"publish","type":"post","link":"https:\/\/www.omie.com.br\/blog\/omie-na-imprensa-veja-os-destaques-dessa-semana\/","title":{"rendered":"Omie na Imprensa: veja os destaques dessa semana!"},"content":{"rendered":"<h2><span style=\"font-weight: 400;\">IODE-PMES<\/span><\/h2>\n<p><b>\u00cdndice avan\u00e7a 0,5% no quarto trimestre do ano<\/b><\/p>\n<p><span style=\"font-weight: 400;\">Os resultados do \u00cdndice Omie de Desempenho Econ\u00f4mico das PMEs (IODE-PMES) de dezembro\/22 mostram um recuo de 4,4% na movimenta\u00e7\u00e3o financeira das pequenas e m\u00e9dias empresas, comparado ao mesmo per\u00edodo do ano anterior.<\/span><\/p>\n<blockquote><p><b>Leia mais: <\/b><a href=\"https:\/\/exame.com\/negocios\/media-financeira-das-pequenas-e-medias-empresas-recua-44-em-dezembro\/\" target=\"_blank\" rel=\"noopener\"><b>Exame<\/b><\/a><b> | <\/b><a href=\"https:\/\/oglobo.globo.com\/blogs\/miriam-leitao\/post\/2023\/01\/o-impacto-do-aperto-monetario-no-caixa-das-pequena-e-medias-empresas.ghtml\" target=\"_blank\" rel=\"noopener\"><b>O Globo<\/b><\/a><\/p><\/blockquote>\n<p>&nbsp;<\/p>\n<p><b>Balan\u00e7o do setor de cosm\u00e9ticos demonstra crescimento em 2022<\/b><\/p>\n<p><span style=\"font-weight: 400;\">Segundo an\u00e1lise do IODE-PMES, <\/span><span style=\"font-weight: 400;\">houve um resultado positivo na movimenta\u00e7\u00e3o financeira real das PMEs do setor de cosm\u00e9ticos ao longo da Black Friday de 2022. Segundo o \u00edndice, essa categoria deve manter o crescimento at\u00e9 2030.<\/span><\/p>\n<blockquote><p><b>Leia mais: <\/b><a href=\"https:\/\/guiadafarmacia.com.br\/balanco-do-setor-de-cosmeticos-demonstra-crescimento-em-2022\/\" target=\"_blank\" rel=\"noopener\"><b>Guia da farm\u00e1cia<\/b><\/a><b>\u00a0<\/b><\/p><\/blockquote>\n<p>&nbsp;<\/p>\n<h2><span style=\"font-weight: 400;\">Produtos<\/span><\/h2>\n<p><b>Veja cinco tend\u00eancias para ficar de olho no mundo dos neg\u00f3cios em 2023<\/b><\/p>\n<p><span style=\"font-weight: 400;\">O Jornal Cont\u00e1bil cita o ERP na vers\u00e3o mobile como uma das tend\u00eancias para 2023 para a contabilidade. Vale ressaltar que essa ferramenta fomenta e acelera cada vez mais a transforma\u00e7\u00e3o digital das empresas do setor.<\/span><\/p>\n<blockquote><p><b>Leia mais: <\/b><a href=\"https:\/\/www.jornalcontabil.com.br\/veja-cinco-tendencias-para-ficar-de-olho-no-mundo-dos-negocios-em-2023\/\" target=\"_blank\" rel=\"noopener\"><b>Jornal Cont\u00e1bil\u00a0<\/b><\/a><\/p><\/blockquote>\n<p>&nbsp;<\/p>\n<h2><span style=\"font-weight: 400;\">Omie.Academy<\/span><\/h2>\n<p><b>30 sites que oferecem cursos gratuitos com certifica\u00e7\u00e3o<\/b><\/p>\n<p><span style=\"font-weight: 400;\">O pilar de educa\u00e7\u00e3o empreendedora da Omie, o Omie.Academy, est\u00e1 presente na lista disponibilizada pelo Catraca Livre de institui\u00e7\u00f5es que oferecem cursos gratuitos e com certificados para aprimorar habilidades ou aprofundar conhecimentos em diversas \u00e1reas.<\/span><\/p>\n<blockquote><p><b>Leia mais: <\/b><a href=\"https:\/\/catracalivre.com.br\/educacao\/30-sites-que-oferecem-cursos-gratuitos-com-certificado\/\" target=\"_blank\" rel=\"noopener\"><b>Catraca Livre<\/b><\/a><\/p><\/blockquote>\n<p>&nbsp;<\/p>\n<h2><span style=\"font-weight: 400;\">Vagas<\/span><\/h2>\n<p><b>Vagas em diversas \u00e1reas<\/b><\/p>\n<p><span style=\"font-weight: 400;\">Com vagas para posi\u00e7\u00f5es que variam de est\u00e1gio a efetivas, passando por \u00e1reas como marketing, comercial e suporte, a Omie est\u00e1 com mais de 40 oportunidades em aberto e conta ainda com um banco de talentos voltado para a diversidade.<\/span><\/p>\n<blockquote><p><b>Leia mais: <\/b><a href=\"https:\/\/odia.ig.com.br\/economia\/empregos-e-negocios\/2023\/01\/6566442-omie-esta-com-48-vagas-abertas-para-contratacao.html\" target=\"_blank\" rel=\"noopener\"><b>O Dia<\/b><\/a><b> | <\/b><a href=\"https:\/\/gcmais.com.br\/mais-emprego\/2023\/02\/01\/vagas-confira-oportunidades-inclusive-remotas-em-diversas-areas\/\" target=\"_blank\" rel=\"noopener\"><b>GC+<\/b><\/a><\/p><\/blockquote>\n","protected":false},"excerpt":{"rendered":"<p>IODE-PMES \u00cdndice avan\u00e7a 0,5% no quarto trimestre do ano Os resultados do \u00cdndice Omie de Desempenho Econ\u00f4mico das PMEs (IODE-PMES) de dezembro\/22 mostram um recuo de 4,4% na movimenta\u00e7\u00e3o financeira das pequenas e m\u00e9dias empresas, comparado ao mesmo per\u00edodo do ano anterior. Leia mais: Exame | O Globo &nbsp; Balan\u00e7o do setor de cosm\u00e9ticos demonstra [&hellip;]<\/p>\n","protected":false},"author":10,"featured_media":7841,"comment_status":"closed","ping_status":"closed","sticky":false,"template":"","format":"standard","meta":{"footnotes":""},"categories":[406,394],"tags":[],"class_list":["post-7840","post","type-post","status-publish","format-standard","has-post-thumbnail","hentry","category-imprensa","category-omie"],"_links":{"self":[{"href":"https:\/\/www.omie.com.br\/blog\/wp-json\/wp\/v2\/posts\/7840","targetHints":{"allow":["GET"]}}],"collection":[{"href":"https:\/\/www.omie.com.br\/blog\/wp-json\/wp\/v2\/posts"}],"about":[{"href":"https:\/\/www.omie.com.br\/blog\/wp-json\/wp\/v2\/types\/post"}],"author":[{"embeddable":true,"href":"https:\/\/www.omie.com.br\/blog\/wp-json\/wp\/v2\/users\/10"}],"replies":[{"embeddable":true,"href":"https:\/\/www.omie.com.br\/blog\/wp-json\/wp\/v2\/comments?post=7840"}],"version-history":[{"count":1,"href":"https:\/\/www.omie.com.br\/blog\/wp-json\/wp\/v2\/posts\/7840\/revisions"}],"predecessor-version":[{"id":19333,"href":"https:\/\/www.omie.com.br\/blog\/wp-json\/wp\/v2\/posts\/7840\/revisions\/19333"}],"wp:featuredmedia":[{"embeddable":true,"href":"https:\/\/www.omie.com.br\/blog\/wp-json\/wp\/v2\/media\/7841"}],"wp:attachment":[{"href":"https:\/\/www.omie.com.br\/blog\/wp-json\/wp\/v2\/media?parent=7840"}],"wp:term":[{"taxonomy":"category","embeddable":true,"href":"https:\/\/www.omie.com.br\/blog\/wp-json\/wp\/v2\/categories?post=7840"},{"taxonomy":"post_tag","embeddable":true,"href":"https:\/\/www.omie.com.br\/blog\/wp-json\/wp\/v2\/tags?post=7840"}],"curies":[{"name":"wp","href":"https:\/\/api.w.org\/{rel}","templated":true}]}}