{"id":8023,"date":"2022-04-04T13:03:00","date_gmt":"2022-04-04T16:03:00","guid":{"rendered":"https:\/\/www.omie.com.br\/blog\/?p=8023"},"modified":"2024-06-17T18:17:35","modified_gmt":"2024-06-17T21:17:35","slug":"blog-omie-na-imprensa-abr-2022","status":"publish","type":"post","link":"https:\/\/www.omie.com.br\/blog\/blog-omie-na-imprensa-abr-2022\/","title":{"rendered":"Omie na Imprensa: veja os destaques dessa semana!"},"content":{"rendered":"<h2>Entrevista<\/h2>\n<p>\u200d<\/p>\n<h3><strong>Conex\u00e3o CEO &#8211; Marcelo Lombardo<\/strong><\/h3>\n<p><strong>\u200d<br \/>\n<\/strong>Com assuntos como a hist\u00f3ria da Omie, M&amp;As e planos para IPO fora do pa\u00eds, Marcelo Lombardo, CEO da Omie, \u00e9 o convidado do Conex\u00e3o CEO, s\u00e9rie de entrevistas feitas pelo NeoFeed.<\/p>\n<blockquote><p><strong>Leia mais: <\/strong><a href=\"https:\/\/neofeed.com.br\/blog\/home\/a-omie-dispara-seu-arsenal-na-disputa-das-techfins-pelas-pmes\/\" target=\"_blank\" rel=\"noopener\"><strong>A Omie dispara seu arsenal na disputa das techfins pelas PMEs &#8211; NeoFeed<\/strong><\/a><strong> | <\/strong><a href=\"https:\/\/www.youtube.com\/watch?v=snXWwfKAshM\" target=\"_blank\" rel=\"noopener\"><strong>Conex\u00e3o CEO &#8211; Marcelo Lombardo, CEO da Omie<\/strong><\/a><\/p><\/blockquote>\n<p><strong>\u200d<\/strong><\/p>\n<h2>IODE-PMES<\/h2>\n<p>\u200d<\/p>\n<h3><strong>Movimenta\u00e7\u00e3o financeira de PMEs tem alta<\/strong><\/h3>\n<p>O \u00cdndice Omie de Desempenho Econ\u00f4mico das PMEs (IODE-PMEs) mensurou a m\u00e9dia de movimenta\u00e7\u00e3o financeira das pequenas e m\u00e9dias empresas brasileiras, dados descobertos por meio da an\u00e1lise dos setores de Infraestrutura e Servi\u00e7os.<\/p>\n<blockquote><p><strong>Leia mais: <\/strong><a href=\"https:\/\/drive.google.com\/file\/d\/1rUoPhO3lwC0cHvOzWl5neeHW-AIOXdY2\/view?usp=sharing\" target=\"_blank\" rel=\"noopener\"><strong>Movimenta\u00e7\u00e3o Financeira de PMEs tem alta | O Estado de S. Paulo<\/strong><\/a><\/p><\/blockquote>\n<p>\u200d<\/p>\n<h2>Treinamentos gratuitos<\/h2>\n<h2>\u200d<strong>Omie oferece treinamentos gratuitos de ERP<\/strong><\/h2>\n<p>Pensando em atender as demandas e necessidades de todos os seus clientes, a Omie passou a disponibilizar seus treinamentos gravados com instrutores especializados de forma gratuita e ilimitada, falando sobre o ERP. Para necessidades espec\u00edficas, a Omie tamb\u00e9m oferece servi\u00e7os de consultoria e atendimento personalizado por meio dos pacotes P, M e G.<\/p>\n<blockquote><p><strong>Leia mais: <\/strong><a href=\"https:\/\/www.portalcontnews.com.br\/omie-oferece-treinamentos-gratuitos-de-erp-para-contadores-parceiros\/\" target=\"_blank\" rel=\"noopener\"><strong>Omie oferece treinamentos gratuitos de ERP para contadores parceiros<\/strong><\/a><\/p><\/blockquote>\n<p>\u200d<\/p>\n<h2>IR 2022<\/h2>\n<p>\u200d<\/p>\n<h3><strong>Imposto de Renda 2022<\/strong><\/h3>\n<p><strong>\u200d<br \/>\n<\/strong>O contador Fabiano Azevedo, embaixador da Omie, respondeu a algumas perguntas importantes do canal InvestNews para auxiliar no processo de declara\u00e7\u00e3o de imposto de renda em 2022.<\/p>\n<blockquote><p><strong>Leia mais: <\/strong><a href=\"https:\/\/investnews.com.br\/financas\/como-declarar-conta-conjunta-no-imposto-de-renda-2022\/\" target=\"_blank\" rel=\"noopener\"><strong>Como declarar conta conjunta no Imposto de Renda 2022 |<\/strong><\/a> <a href=\"https:\/\/investnews.com.br\/financas\/investimentos-em-renda-fixa-no-imposto-de-renda-2022\/\" target=\"_blank\" rel=\"noopener\"><strong>Como declarar investimentos em renda fixa no Imposto de Renda 2022? | InvestNews<\/strong><\/a><\/p><\/blockquote>\n<p>\u200d<\/p>\n<h2>Vagas abertas<\/h2>\n<p>\u200d<\/p>\n<h3><strong>Empresas que est\u00e3o contratando<\/strong><\/h3>\n<p><strong>\u200d<br \/>\n<\/strong>O Valor Investe selecionou uma lista de empresas que est\u00e3o com vagas abertas e a Omie lidera com mais de 162 vagas dispon\u00edveis em diversas \u00e1reas e localidades.<\/p>\n<p>\u200d<\/p>\n<blockquote><p><strong>Leia mais: <\/strong><a href=\"https:\/\/valorinveste.globo.com\/objetivo\/empreenda-se\/noticia\/2022\/03\/29\/corretoras-fintechs-plataforma-de-gestao-de-negocios-veja-as-empresas-que-estao-contratando.ghtml\" target=\"_blank\" rel=\"noopener\"><strong>Corretoras, fintechs, plataforma de gest\u00e3o de neg\u00f3cios: veja as empresas que est\u00e3o contratando | Empreenda | Valor Investe (globo.com)<\/strong><\/a><strong>\u00a0<\/strong><\/p><\/blockquote>\n","protected":false},"excerpt":{"rendered":"<p>Confira os principais releases da Omie na imprensa na primeira semana de abril.<\/p>\n","protected":false},"author":10,"featured_media":8024,"comment_status":"closed","ping_status":"closed","sticky":false,"template":"","format":"standard","meta":{"footnotes":""},"categories":[406],"tags":[],"class_list":["post-8023","post","type-post","status-publish","format-standard","has-post-thumbnail","hentry","category-imprensa"],"_links":{"self":[{"href":"https:\/\/www.omie.com.br\/blog\/wp-json\/wp\/v2\/posts\/8023","targetHints":{"allow":["GET"]}}],"collection":[{"href":"https:\/\/www.omie.com.br\/blog\/wp-json\/wp\/v2\/posts"}],"about":[{"href":"https:\/\/www.omie.com.br\/blog\/wp-json\/wp\/v2\/types\/post"}],"author":[{"embeddable":true,"href":"https:\/\/www.omie.com.br\/blog\/wp-json\/wp\/v2\/users\/10"}],"replies":[{"embeddable":true,"href":"https:\/\/www.omie.com.br\/blog\/wp-json\/wp\/v2\/comments?post=8023"}],"version-history":[{"count":1,"href":"https:\/\/www.omie.com.br\/blog\/wp-json\/wp\/v2\/posts\/8023\/revisions"}],"predecessor-version":[{"id":19030,"href":"https:\/\/www.omie.com.br\/blog\/wp-json\/wp\/v2\/posts\/8023\/revisions\/19030"}],"wp:featuredmedia":[{"embeddable":true,"href":"https:\/\/www.omie.com.br\/blog\/wp-json\/wp\/v2\/media\/8024"}],"wp:attachment":[{"href":"https:\/\/www.omie.com.br\/blog\/wp-json\/wp\/v2\/media?parent=8023"}],"wp:term":[{"taxonomy":"category","embeddable":true,"href":"https:\/\/www.omie.com.br\/blog\/wp-json\/wp\/v2\/categories?post=8023"},{"taxonomy":"post_tag","embeddable":true,"href":"https:\/\/www.omie.com.br\/blog\/wp-json\/wp\/v2\/tags?post=8023"}],"curies":[{"name":"wp","href":"https:\/\/api.w.org\/{rel}","templated":true}]}}