{"id":8027,"date":"2022-05-02T15:17:00","date_gmt":"2022-05-02T18:17:00","guid":{"rendered":"https:\/\/www.omie.com.br\/blog\/?p=8027"},"modified":"2024-06-17T18:13:03","modified_gmt":"2024-06-17T21:13:03","slug":"blog-omie-na-imprensa-mai-2022","status":"publish","type":"post","link":"https:\/\/www.omie.com.br\/blog\/blog-omie-na-imprensa-mai-2022\/","title":{"rendered":"Omie na Imprensa: veja os destaques dessa semana!"},"content":{"rendered":"<h2>IODE-PMEs<\/h2>\n<h3>\n<strong>Balan\u00e7o positivo para PMEs de servi\u00e7os no 1\u00ba bimestre do ano<\/strong><\/h3>\n<p>O \u00cdndice Omie de Desenvolvimento Econ\u00f4mico das PMEs mensurou um primeiro bimestre do ano positivo para as empresas no setor de servi\u00e7os, com crescimento m\u00e9dio de 8,5% em rela\u00e7\u00e3o ao mesmo per\u00edodo em 2021.<\/p>\n<blockquote><p><strong>Leia mais: <\/strong><a href=\"https:\/\/valorinveste.globo.com\/mercados\/renda-variavel\/empresas\/noticia\/2022\/04\/26\/demanda-das-familias-garante-bimestre-positivo-para-as-pequenas-empresas-de-servicos.ghtml\" target=\"_blank\" rel=\"noopener\"><strong>Demanda das fam\u00edlias garante bimestre positivo para as pequenas empresas de servi\u00e7os | Valor Investe<\/strong><\/a>\u200d<\/p><\/blockquote>\n<p>\u200d<\/p>\n<h2>Franquias<\/h2>\n<h3>\u200d<br \/>\n<strong>Selo de Excel\u00eancia em Franchising<\/strong><\/h3>\n<p><strong>\u200d<\/strong><br \/>\nA Associa\u00e7\u00e3o Brasileira de Franchising (ABF) reconheceu as melhores redes de franquias, com base na avalia\u00e7\u00e3o dos pr\u00f3prios franqueados, e a Omie foi chancelada pela primeira vez com o Selo de Excel\u00eancia em Franchising.<\/p>\n<blockquote><p><strong>Leia mais: <\/strong><a href=\"https:\/\/revistapegn.globo.com\/Franquias\/noticia\/2022\/04\/abf-selo-de-excelencia-em-franchising-registra-recorde-de-franquias-chanceladas-em-2022.html\" target=\"_blank\" rel=\"noopener\"><strong>ABF: Selo de Excel\u00eancia em Franchising registra recorde de franquias chanceladas em 2022 &#8211; Pequenas Empresas Grandes Neg\u00f3cios<\/strong><\/a><strong> e mais no <\/strong><a href=\"https:\/\/www.portaldofranchising.com.br\/noticias\/omie-conquista-selo-de-excelencia-em-franchising-da-abf\/\" target=\"_blank\" rel=\"noopener\"><strong>Portal do Franchising<\/strong><\/a><\/p><\/blockquote>\n<h2>\n<strong>15 franquias baratas para cidades pequenas e m\u00e9dias<\/strong><\/h2>\n<p>Com a alta busca por microfranquias consequente do desemprego causado pela pandemia, a Exame criou uma lista onde a Omie e sua op\u00e7\u00e3o de microfranquias (Light) \u00e9 destaque como franquia com baixo valor de investimento e alta rentabilidade.<\/p>\n<blockquote><p><strong>Leia mais: <\/strong><a href=\"https:\/\/exame.com\/pme\/15-franquias-baratas-para-cidades-pequenas-e-medias\/\" target=\"_blank\" rel=\"noopener\"><strong>15 franquias baratas para cidades pequenas e m\u00e9dias | Exame<\/strong><\/a><strong>.<\/strong> <strong>Veja tamb\u00e9m: <\/strong><a href=\"https:\/\/drive.google.com\/file\/d\/1bPr7ioSN9shZTMCWGLluYsV7DzwfRt_U\/view\" target=\"_blank\" rel=\"noopener\"><strong>Omie prev\u00ea abertura de 250 franquias em 2022<\/strong><\/a><\/p><\/blockquote>\n<p>\u200d<\/p>\n<h2>Dia do Profissional da Contabilidade<\/h2>\n<p>\u200d<\/p>\n<h3><strong>Novas oportunidades de neg\u00f3cios expandem mercado cont\u00e1bil<\/strong><\/h3>\n<p>Em comemora\u00e7\u00e3o ao Dia do Profissional da Contabilidade (25\/04), o portal ContNews preparou uma mat\u00e9ria especial para falar sobre os novos desafios e oportunidades de neg\u00f3cios para a categoria, contando com uma entrevista especial de Cristiane Andrade, diretora de Relacionamento com os Contadores da Omie.<\/p>\n<blockquote><p><strong>Veja a mat\u00e9ria <\/strong><a href=\"https:\/\/www.portalcontnews.com.br\/novas-oportunidades-de-negocios-expandem-mercado-contabil\/\" target=\"_blank\" rel=\"noopener\"><strong>aqui<\/strong><\/a><\/p><\/blockquote>\n<p>\u200d<\/p>\n","protected":false},"excerpt":{"rendered":"<p>Confira os principais releases da Omie na imprensa na primeira semana de maio.<\/p>\n","protected":false},"author":10,"featured_media":8028,"comment_status":"closed","ping_status":"closed","sticky":false,"template":"","format":"standard","meta":{"footnotes":""},"categories":[406],"tags":[],"class_list":["post-8027","post","type-post","status-publish","format-standard","has-post-thumbnail","hentry","category-imprensa"],"_links":{"self":[{"href":"https:\/\/www.omie.com.br\/blog\/wp-json\/wp\/v2\/posts\/8027","targetHints":{"allow":["GET"]}}],"collection":[{"href":"https:\/\/www.omie.com.br\/blog\/wp-json\/wp\/v2\/posts"}],"about":[{"href":"https:\/\/www.omie.com.br\/blog\/wp-json\/wp\/v2\/types\/post"}],"author":[{"embeddable":true,"href":"https:\/\/www.omie.com.br\/blog\/wp-json\/wp\/v2\/users\/10"}],"replies":[{"embeddable":true,"href":"https:\/\/www.omie.com.br\/blog\/wp-json\/wp\/v2\/comments?post=8027"}],"version-history":[{"count":1,"href":"https:\/\/www.omie.com.br\/blog\/wp-json\/wp\/v2\/posts\/8027\/revisions"}],"predecessor-version":[{"id":19024,"href":"https:\/\/www.omie.com.br\/blog\/wp-json\/wp\/v2\/posts\/8027\/revisions\/19024"}],"wp:featuredmedia":[{"embeddable":true,"href":"https:\/\/www.omie.com.br\/blog\/wp-json\/wp\/v2\/media\/8028"}],"wp:attachment":[{"href":"https:\/\/www.omie.com.br\/blog\/wp-json\/wp\/v2\/media?parent=8027"}],"wp:term":[{"taxonomy":"category","embeddable":true,"href":"https:\/\/www.omie.com.br\/blog\/wp-json\/wp\/v2\/categories?post=8027"},{"taxonomy":"post_tag","embeddable":true,"href":"https:\/\/www.omie.com.br\/blog\/wp-json\/wp\/v2\/tags?post=8027"}],"curies":[{"name":"wp","href":"https:\/\/api.w.org\/{rel}","templated":true}]}}