{"id":8033,"date":"2022-03-07T15:04:00","date_gmt":"2022-03-07T18:04:00","guid":{"rendered":"https:\/\/www.omie.com.br\/blog\/?p=8033"},"modified":"2024-06-17T18:13:53","modified_gmt":"2024-06-17T21:13:53","slug":"blog-omie-na-imprensa-mar-03-22","status":"publish","type":"post","link":"https:\/\/www.omie.com.br\/blog\/blog-omie-na-imprensa-mar-03-22\/","title":{"rendered":"Omie na Imprensa: veja os destaques dessa semana!"},"content":{"rendered":"<h2>IODE-PMEs<\/h2>\n<p>&nbsp;<\/p>\n<h3><strong>Pequenas e m\u00e9dias empresas crescem em Janeiro<\/strong><\/h3>\n<p>A TV CNN Brasil divulgou com exclusividade os dados referentes ao m\u00eas de janeiro do \u00cdndice Omie de Desempenho Econ\u00f4mico das PMEs (IODE-PMEs), que apontou um crescimento de 7,7% das PMEs no m\u00eas, referente ao mesmo per\u00edodo no ano passado.<\/p>\n<blockquote><p>\u200d<br \/>\n<strong>Leia mais: <\/strong><a href=\"https:\/\/youtu.be\/I-bukBRnDrU?t=4923\" target=\"_blank\" rel=\"noopener\"><strong>CNN NOVO DIA &#8211; IODE-PMEs<\/strong><\/a> | <a href=\"https:\/\/extranet.cservice.io\/viewnews.html?newsId%3d8711920%26channelId%3d1934%26customerId%3dTZWiGDfKabSx4c9%2bFAVqtg%3d%3d%26newsletterId%3d1b8399e7-c996-4b72-95e5-38441aa23914\" target=\"_blank\" rel=\"noopener\">Pequenas e m\u00e9dias empresas crescem em janeiro\u00a0<\/a><\/p><\/blockquote>\n<p>&nbsp;<\/p>\n<h2>RH<\/h2>\n<p>&nbsp;<\/p>\n<h3><strong>Omie planeja dobrar equipe e mira ser pr\u00f3ximo unic\u00f3rnio<\/strong><\/h3>\n<p>Com o aporte recebido em 2021, al\u00e9m de movimenta\u00e7\u00f5es estrat\u00e9gicas, expans\u00e3o do modelo de franquias e os M&amp;As, a Omie prev\u00ea a contrata\u00e7\u00e3o de mais de 1,5 mil funcion\u00e1rios em 2022 a fim de atender a demanda do mercado de PMEs. Em entrevista, Luiz Massad, CHRO da Omie, conta sobre o balan\u00e7o do ano passado e mais detalhes do que est\u00e1 por vir durante este ano.<\/p>\n<blockquote><p>\u200d<br \/>\n<strong>Leia mais: <\/strong><a href=\"http:\/\/www.broadcast.com.br\/cadernos\/financeiro\/?id=bzVydnE1QnRXTW01aGM3MDFHZUVpdz09\" target=\"_blank\" rel=\"noopener\"><strong>Exclusivo: Cotada a unic\u00f3rnio, startup Omie planeja mais de 1,5 mil contrata\u00e7\u00f5es para 2022<\/strong><\/a><\/p><\/blockquote>\n<p>&nbsp;<\/p>\n<h2>Trabalho h\u00edbrido<\/h2>\n<p>&nbsp;<\/p>\n<h3><strong>Mudan\u00e7as que vieram para ficar na pandemia<\/strong><\/h3>\n<p>A pandemia da Covid-19 j\u00e1 completou dois anos desde sua chegada ao Brasil, e com isso, o Jornal da Globo analisou como est\u00e1 o novo modelo de vida que mescla o mundo virtual e o real. A Thaiane Fernandes, Team Leader de Employee Journey da Omie, foi convidada para falar sobre o modelo de trabalho remoto, que ficou ainda mais conhecido na pandemia.<\/p>\n<blockquote><p>\u200d<br \/>\n<strong>Leia mais: <\/strong><a href=\"https:\/\/globoplay.globo.com\/v\/10348757\/?s=0s\" target=\"_blank\" rel=\"noopener\"><strong>Jornal da Globo | A pandemia completou 2 anos aqui no Brasil, no \u00faltimo final de semana<\/strong><\/a><\/p><\/blockquote>\n<h2>\n<strong>Empresas recorrem a fus\u00f5es e aquisi\u00e7\u00f5es para contornar a escassez de talentos Tech<\/strong><\/h2>\n<p><strong>\u200d<\/strong><br \/>\nO Brasil tem adotado uma t\u00e1tica j\u00e1 conhecida em outros pa\u00edses, que \u00e9 recorrer a fus\u00f5es e aquisi\u00e7\u00f5es para encontrar m\u00e3o de obra qualificada. Luiz Massad, chefe de recursos humanos da Omie, relata que a startup est\u00e1 utilizando da t\u00e1tica, inclusive em sua \u00faltima aquisi\u00e7\u00e3o, Conpass.<\/p>\n<blockquote><p>\u200d<br \/>\n<strong>Leia mais: <\/strong><a href=\"http:\/\/www.broadcast.com.br\/cadernos\/financeiro\/?id=NDRJRkpFK2ZFUU9jUGg2RXV4Q3RFZz09\" target=\"_blank\" rel=\"noopener\"><strong>Broadcast | Financeiro<\/strong><\/a><\/p><\/blockquote>\n<p>&nbsp;<\/p>\n<h3>Outros Assuntos<\/p>\n<p><strong>CEO da Omie na CONESCAP 2022<\/strong><\/h3>\n<p>\u200d<\/p>\n<p>A Omie foi destaque na CONESCAP 2022, uma das maiores feiras do mercado cont\u00e1bil do Brasil, onde o CEO e Co-Founder Marcelo Lombardo, foi um dos convidados a falar sobre o futuro do Brasil no novo ambiente econ\u00f4mico mundial.<\/p>\n<p>\u200d<\/p>\n<blockquote><p><strong>Leia mais:<\/strong> <a href=\"https:\/\/cryptoid.com.br\/eventos-de-tecnologia\/ceo-da-omie-aborda-futuro-do-brasil-no-novo-ambiente-economico-mundial-na-conescap-2022\/\" target=\"_blank\" rel=\"noopener\">CEO da Omie aborda futuro do Brasil no novo ambiente econ\u00f4mico mundial na Conescap 2022 | CRYPTOID<\/a><\/p><\/blockquote>\n<p>&nbsp;<\/p>\n","protected":false},"excerpt":{"rendered":"<p>Confira os principais releases da Omie na imprensa na primeira semana de mar\u00e7o.<\/p>\n","protected":false},"author":10,"featured_media":8034,"comment_status":"closed","ping_status":"closed","sticky":false,"template":"","format":"standard","meta":{"footnotes":""},"categories":[406],"tags":[],"class_list":["post-8033","post","type-post","status-publish","format-standard","has-post-thumbnail","hentry","category-imprensa"],"_links":{"self":[{"href":"https:\/\/www.omie.com.br\/blog\/wp-json\/wp\/v2\/posts\/8033","targetHints":{"allow":["GET"]}}],"collection":[{"href":"https:\/\/www.omie.com.br\/blog\/wp-json\/wp\/v2\/posts"}],"about":[{"href":"https:\/\/www.omie.com.br\/blog\/wp-json\/wp\/v2\/types\/post"}],"author":[{"embeddable":true,"href":"https:\/\/www.omie.com.br\/blog\/wp-json\/wp\/v2\/users\/10"}],"replies":[{"embeddable":true,"href":"https:\/\/www.omie.com.br\/blog\/wp-json\/wp\/v2\/comments?post=8033"}],"version-history":[{"count":1,"href":"https:\/\/www.omie.com.br\/blog\/wp-json\/wp\/v2\/posts\/8033\/revisions"}],"predecessor-version":[{"id":19025,"href":"https:\/\/www.omie.com.br\/blog\/wp-json\/wp\/v2\/posts\/8033\/revisions\/19025"}],"wp:featuredmedia":[{"embeddable":true,"href":"https:\/\/www.omie.com.br\/blog\/wp-json\/wp\/v2\/media\/8034"}],"wp:attachment":[{"href":"https:\/\/www.omie.com.br\/blog\/wp-json\/wp\/v2\/media?parent=8033"}],"wp:term":[{"taxonomy":"category","embeddable":true,"href":"https:\/\/www.omie.com.br\/blog\/wp-json\/wp\/v2\/categories?post=8033"},{"taxonomy":"post_tag","embeddable":true,"href":"https:\/\/www.omie.com.br\/blog\/wp-json\/wp\/v2\/tags?post=8033"}],"curies":[{"name":"wp","href":"https:\/\/api.w.org\/{rel}","templated":true}]}}