{"id":8090,"date":"2021-11-29T16:24:00","date_gmt":"2021-11-29T19:24:00","guid":{"rendered":"https:\/\/www.omie.com.br\/blog\/?p=8090"},"modified":"2024-06-18T17:30:34","modified_gmt":"2024-06-18T20:30:34","slug":"omie-na-imprensa-nov-05","status":"publish","type":"post","link":"https:\/\/www.omie.com.br\/blog\/omie-na-imprensa-nov-05\/","title":{"rendered":"Omie na Imprensa: veja os destaques dessa semana!"},"content":{"rendered":"<h2>Omie faz M&amp;A unindo software e banking<\/h2>\n<p>&nbsp;<\/p>\n<p>\u200d<br \/>\nA Omie acaba de fazer a sua quarta e maior aquisi\u00e7\u00e3o desde que foi fundada h\u00e1 8 anos. O banco digital para PJs, Linker, chega para acelerar os planos da startup de criar uma oferta integrada de ERP e banking.<\/p>\n<blockquote><p>Leia mais em <a href=\"https:\/\/braziljournal.com\/omie-faz-ma-unindo-software-e-banking\" target=\"_blank\" rel=\"noopener\">Omie faz M&amp;A unindo software e banking<\/a>. Tamb\u00e9m em <a href=\"https:\/\/link.estadao.com.br\/noticias\/inovacao,startup-omie-compra-por-r-120-mi-banco-digital-linker-focado-em-pmes,70003901029\" target=\"_blank\" rel=\"noopener\">O Estado de S.Paulo<\/a> e <a href=\"https:\/\/neofeed.com.br\/blog\/home\/em-sua-maior-aquisicao-omie-compra-banco-digital-linker-por-r-120-milhoes\/\" target=\"_blank\" rel=\"noopener\">NeoFeed<\/a><\/p><\/blockquote>\n<p>&nbsp;<\/p>\n<h2><\/h2>\n<h2>Black Friday: 5 dicas de como varejistas podem alavancar vendas em 2021<\/h2>\n<p>\u200d<br \/>\nPara auxiliar no impulsionamento das vendas nas lojas f\u00edsicas e online, a Omie d\u00e1 dicas de como organizar a gest\u00e3o dos neg\u00f3cios e se preparar para este per\u00edodo. Seja qual for a rotina empresarial e os processos di\u00e1rios, \u00e9 necess\u00e1rio investir em um sistema que integre todas as atividades da empresa.<\/p>\n<p>Leia mais em: <a href=\"https:\/\/startupi.com.br\/2021\/11\/black-friday-5-dicas-de-como-varejistas-podem-alavancar-vendas-para-2021\/\" target=\"_blank\" rel=\"noopener\">Black Friday: 5 dicas de como varejistas podem alavancar vendas para 2021<\/a>, <a href=\"https:\/\/mercadoeconsumo.com.br\/2021\/11\/16\/o-que-voce-ainda-precisa-saber-para-a-black-friday\/\" target=\"_blank\" rel=\"noopener\">O que voc\u00ea ainda precisa saber para a Black Friday<\/a> e em <a href=\"https:\/\/mercadoeconsumo.com.br\/2021\/11\/24\/gestao-de-estoque-eficiente-evita-perdas-na-black-friday\/\" target=\"_blank\" rel=\"noopener\">Gest\u00e3o de estoque eficiente evita perdas na Black Friday<\/a><\/p>\n<p>&nbsp;<\/p>\n<h2><strong>Marcelo Lombardo no podcast Excepcionais <\/strong><\/h2>\n<p><strong>\u200d<br \/>\n<\/strong>Neste epis\u00f3dio do podcast que apresenta empreendedores, executivos e demais profissionais com feitos \u201cexcepcionais\u201d, Marcelo Lombardo, Cofundador e CEO da Omie, al\u00e9m de aficionado por inova\u00e7\u00e3o, vendas e marketing e um dos pioneiros do ecossistema de softwares do Pa\u00eds, contou suas experi\u00eancias e viv\u00eancias durante toda a sua carreira.<\/p>\n<blockquote><p>Assista em: <a href=\"https:\/\/www.youtube.com\/watch?v=TEppvR5SAWA\" target=\"_blank\" rel=\"noopener\">Marcelo Lombardo &#8211; Criando a Empresa Que Matou Minha Empresa &#8211; YouTube<\/a> e veja mais em <a href=\"https:\/\/www.whow.com.br\/tecnologia\/3-licoes-fundamentais-ao-usar-tecnologia-no-seu-negocio\/\" target=\"_blank\" rel=\"noopener\">3 li\u00e7\u00f5es fundamentais ao usar tecnologia no seu neg\u00f3cio<\/a><\/p><\/blockquote>\n<p>&nbsp;<\/p>\n<h2>Omie promove Semana da Carreira com palestras gratuitas para atrair novos talentos<\/h2>\n<p>Entre os dias 22 e 24 de novembro, a Omie promoveu a Semana da Carreira, evento online que buscou atrair potenciais candidatos para preencher 300 vagas abertas em v\u00e1rias \u00e1reas. Com palestras gratuitas, a startup informou a audi\u00eancia sobre as diversas possibilidades de atua\u00e7\u00e3o dentro do seu neg\u00f3cio.<\/p>\n<p>&nbsp;<\/p>\n<blockquote><p>Leia mais em: <a href=\"https:\/\/startupi.com.br\/2021\/11\/omie-promove-semana-da-carreira-com-palestras-gratuitas-para-atrair-novos-talentos\/\" target=\"_blank\" rel=\"noopener\">Omie promove Semana da Carreira com palestras gratuitas para atrair novos talentos &#8211; Startupi<\/a><\/p><\/blockquote>\n<p>&nbsp;<\/p>\n<p>&nbsp;<\/p>\n","protected":false},"excerpt":{"rendered":"<p>Confira os principais releases da Omie na imprensa na quinta semana de novembro.<\/p>\n","protected":false},"author":10,"featured_media":8091,"comment_status":"closed","ping_status":"closed","sticky":false,"template":"","format":"standard","meta":{"footnotes":""},"categories":[406],"tags":[],"class_list":["post-8090","post","type-post","status-publish","format-standard","has-post-thumbnail","hentry","category-imprensa"],"_links":{"self":[{"href":"https:\/\/www.omie.com.br\/blog\/wp-json\/wp\/v2\/posts\/8090","targetHints":{"allow":["GET"]}}],"collection":[{"href":"https:\/\/www.omie.com.br\/blog\/wp-json\/wp\/v2\/posts"}],"about":[{"href":"https:\/\/www.omie.com.br\/blog\/wp-json\/wp\/v2\/types\/post"}],"author":[{"embeddable":true,"href":"https:\/\/www.omie.com.br\/blog\/wp-json\/wp\/v2\/users\/10"}],"replies":[{"embeddable":true,"href":"https:\/\/www.omie.com.br\/blog\/wp-json\/wp\/v2\/comments?post=8090"}],"version-history":[{"count":1,"href":"https:\/\/www.omie.com.br\/blog\/wp-json\/wp\/v2\/posts\/8090\/revisions"}],"predecessor-version":[{"id":19048,"href":"https:\/\/www.omie.com.br\/blog\/wp-json\/wp\/v2\/posts\/8090\/revisions\/19048"}],"wp:featuredmedia":[{"embeddable":true,"href":"https:\/\/www.omie.com.br\/blog\/wp-json\/wp\/v2\/media\/8091"}],"wp:attachment":[{"href":"https:\/\/www.omie.com.br\/blog\/wp-json\/wp\/v2\/media?parent=8090"}],"wp:term":[{"taxonomy":"category","embeddable":true,"href":"https:\/\/www.omie.com.br\/blog\/wp-json\/wp\/v2\/categories?post=8090"},{"taxonomy":"post_tag","embeddable":true,"href":"https:\/\/www.omie.com.br\/blog\/wp-json\/wp\/v2\/tags?post=8090"}],"curies":[{"name":"wp","href":"https:\/\/api.w.org\/{rel}","templated":true}]}}