{"id":8106,"date":"2022-10-17T18:49:00","date_gmt":"2022-10-17T21:49:00","guid":{"rendered":"https:\/\/www.omie.com.br\/blog\/?p=8106"},"modified":"2024-06-17T18:04:51","modified_gmt":"2024-06-17T21:04:51","slug":"omie-na-imprensa-veja-os-destaques-dessa-semana-10","status":"publish","type":"post","link":"https:\/\/www.omie.com.br\/blog\/omie-na-imprensa-veja-os-destaques-dessa-semana-10\/","title":{"rendered":"Omie na Imprensa: veja os destaques dessa semana!"},"content":{"rendered":"<h2 id=\"\">Neg\u00f3cios e Empreendedorismo<\/h2>\n<p id=\"\"><strong id=\"\">Neg\u00f3cios e gest\u00e3o: confira 10 livros que n\u00e3o podem faltar na lista de quem deseja empreender<\/strong><\/p>\n<p id=\"\">Marcelo Lombardo, CEO e cofundador da Omie, compartilhou suas principais indica\u00e7\u00f5es de livros que n\u00e3o podem faltar na estante de quem deseja investir no pr\u00f3prio neg\u00f3cio, ou j\u00e1 empreende e quer melhorar sua vis\u00e3o de neg\u00f3cios, inova\u00e7\u00e3o e lideran\u00e7a.<\/p>\n<blockquote id=\"\"><p><strong id=\"\">Leia mais:<\/strong> <a href=\"https:\/\/www.contabeis.com.br\/noticias\/53261\/negocios-e-gestao-confira-10-livros-que-nao-podem-faltar-na-lista-de-quem-deseja-empreender\/\" target=\"_blank\" rel=\"noopener\"><strong id=\"\">Portal Cont\u00e1beis<\/strong><\/a><\/p><\/blockquote>\n<h3 id=\"\"><strong id=\"\">Entrevista com Aurora Suh, CRO da Omie<\/strong><\/h3>\n<p>Em um bate-papo descontra\u00eddo, Aurora Suh, CRO da Omie, fala sobre sua trajet\u00f3ria profissional, lideran\u00e7a feminina no mundo da tecnologia, sua carreira na Omie, sua vis\u00e3o de crescimento de neg\u00f3cios, entre outros assuntos.<\/p>\n<blockquote><p>\u200d<strong id=\"\">Assista em: <\/strong><a href=\"https:\/\/www.youtube.com\/watch?app=desktop&amp;v=_wFm5hXTg5Q&amp;ab_channel=TalksbyLeoPodcast\" target=\"_blank\" rel=\"noopener\"><strong>YouTube<\/strong><\/a><strong> | <\/strong><a href=\"https:\/\/open.spotify.com\/episode\/09qpC7TgMy9CwV4GK5ckqx\" target=\"_blank\" rel=\"noopener\"><strong>Spotify<\/strong><\/a><\/p><\/blockquote>\n<h3><strong id=\"\">Cristiane Andrade &#8211; Aprenda a vender o seu peixe<\/strong><\/h3>\n<p><strong id=\"\">\u200d<\/strong>Em entrevista ao podcast InsiderCast, Cristiane Andrade, diretora de Relacionamento com Contadores da Omie, conta sua hist\u00f3ria como empres\u00e1ria cont\u00e1bil e d\u00e1 dicas sobre como se relacionar da melhor forma com clientes e o mercado em geral.<\/p>\n<blockquote><p><strong>Assista em:<\/strong> <a id=\"\" href=\"https:\/\/www.youtube.com\/watch?v=ZQd5gZn5Log&amp;ab_channel=Insidercast\" target=\"_blank\" rel=\"noopener\"><strong>YouTube<\/strong><\/a><strong> | <\/strong><a href=\"https:\/\/open.spotify.com\/episode\/3W8psxu3BfMJtxvorTYTNd\" target=\"_blank\" rel=\"noopener\"><strong>Spotify<\/strong><\/a><\/p><\/blockquote>\n<p>\u200d<\/p>\n<h2 id=\"\">Contabilidade<\/h2>\n<h3 id=\"\"><strong id=\"\">Artigo: A contabilidade est\u00e1 morrendo?<\/strong><\/h3>\n<p id=\"\">Cristiane Andrade reflete sobre o panorama atual da contabilidade e como a tecnologia surgiu para ajudar os profissionais e escrit\u00f3rios do setor nos \u00faltimos anos.<\/p>\n<blockquote id=\"\"><p><strong id=\"\">Leia mais: <\/strong><a href=\"https:\/\/drive.google.com\/file\/d\/1k22y41XOAIypgkjmEDT8pPIx_R12kEAD\/view\" target=\"_blank\" rel=\"noopener\"><strong id=\"\">Di\u00e1rio do Com\u00e9rcio<\/strong><\/a><\/p><\/blockquote>\n<p>\u200d<\/p>\n<h2 id=\"\"><strong id=\"\">Franquias<\/strong><\/h2>\n<h3>\u200d<strong id=\"\">Omie anuncia novo diretor Comercial e de Franquias<\/strong><\/h3>\n<p id=\"\">Rafael Martins Vasconcellos \u00e9 o novo diretor do comercial e das franquias Omie e entra no time liderando as \u00e1reas de Expans\u00e3o, Implanta\u00e7\u00e3o, Incuba\u00e7\u00e3o e Consultoria de Franquias.<\/p>\n<blockquote id=\"\"><p><strong>Leia mais: <\/strong><a id=\"\" href=\"https:\/\/www.estadao.com.br\/economia\/sua-carreira\/intel-com-nova-lider-no-brasil\/\" target=\"_blank\" rel=\"noopener\"><strong>Estad\u00e3o<\/strong><\/a><strong> | <\/strong><a href=\"https:\/\/mapadasfranquias.com.br\/noticia\/rafael-martins-vasconcelos-assume-como-diretor-comercial-e-de-franquias-da-omie\/\" target=\"_blank\" rel=\"noopener\"><strong>Mapa das franquias<\/strong><\/a><strong id=\"\">\u200d<\/strong><\/p><\/blockquote>\n<h3 id=\"\"><strong id=\"\">20 franquias baratas a partir de R$6 mil para ganhar renda extra sem sair de casa<\/strong><\/h3>\n<p id=\"\"><strong id=\"\">\u200d<\/strong>A Omie ganhou destaque na lista de indica\u00e7\u00f5es da Exame sobre \u201cfranquias baratas para investir\u201d, com sua op\u00e7\u00e3o de microfranquia, pensado para atuar em cidades menores e com faturamento m\u00e9dio anual de R$180 mil.<\/p>\n<blockquote id=\"\"><p>\u200d<strong id=\"\">Leia mais: <\/strong><a href=\"https:\/\/exame.com\/negocios\/20-franquias-baratas-para-ganhar-renda-extra-sem-sair-de-casa\/\" target=\"_blank\" rel=\"noopener\"><strong id=\"\">Exame<\/strong><\/a><\/p><\/blockquote>\n<h2 id=\"\">\nIODE-PMES<\/h2>\n<h3 id=\"\"><strong id=\"\">PMEs crescem 6,8% em agosto ap\u00f3s fracos resultados em junho e julho<\/strong><\/h3>\n<p id=\"\">O \u00cdndice Omie de Desempenho Econ\u00f4mico das PMEs (IODE-PMEs) de agosto indica que a movimenta\u00e7\u00e3o financeira real das pequenas e m\u00e9dias empresas (PMEs) brasileiras voltou a crescer de modo mais significativo, ap\u00f3s fracos resultados em junho e julho.<\/p>\n<blockquote id=\"\"><p><strong id=\"\">Leia mais: <\/strong><a href=\"https:\/\/exame.com\/negocios\/pmes-crescem-68-em-agosto-apos-fracos-resultados-em-junho-e-julho\/\" target=\"_blank\" rel=\"noopener\"><strong id=\"\">Exame<\/strong><\/a><\/p><\/blockquote>\n<h3 id=\"\"><strong id=\"\">O crescimento das PMEs em 2022 gerou a cria\u00e7\u00e3o de mais empregos formais<\/strong><\/h3>\n<p>Utilizado como um term\u00f4metro da economia, a avalia\u00e7\u00e3o do IODE-PMES contribui diretamente no crescimento econ\u00f4mico do Pa\u00eds, pois se h\u00e1 um desempenho dilatado, haver\u00e3o novos empregos formais e, consequentemente, a movimenta\u00e7\u00e3o da economia, ressalta artigo.<\/p>\n<blockquote><p>\u200d<strong id=\"\">Leia mais: <\/strong><a href=\"https:\/\/lorena.r7.com\/post\/O-crescimento-das-PMEs-em-2022-gerou-a-criacao-de-mais-empregos-formais\" target=\"_blank\" rel=\"noopener\"><strong id=\"\">R7<\/strong><\/a><\/p><\/blockquote>\n<p>\u200d<\/p>\n<h2>Institucional<\/h2>\n<h3><strong id=\"\">Omie celebra parceria com contadores em campanha<\/strong><\/h3>\n<p>Comemorando a parceria com os contadores, de modo a homenage\u00e1-los, a Omie lan\u00e7ou uma campanha Out of Home (OOH) em diversas cidades do Pa\u00eds, destacando ainda o importante papel da tecnologia no dia a dia dos escrit\u00f3rios cont\u00e1beis.<\/p>\n<blockquote><p>\u200d<strong id=\"\">Leia mais: <\/strong><a id=\"\" href=\"https:\/\/abramark.com.br\/destaques\/omie-celebra-parceria-com-contadores-com-campanha-ooh\/\" target=\"_blank\" rel=\"noopener\"><strong id=\"\">Abramark<\/strong><\/a><strong id=\"\"> | <\/strong><a href=\"https:\/\/marcaspelomundo.com.br\/anunciantes\/omie-lanca-campanha-ooh-para-publico-contabil\/\" target=\"_blank\" rel=\"noopener\"><strong id=\"\">Marcas pelo mundo<\/strong><\/a><\/p><\/blockquote>\n<p>\u200d<\/p>\n<h2 id=\"\">Omie.Academy<\/h2>\n<h3>\u200d<strong id=\"\">Curso \u201cComunica\u00e7\u00e3o e Orat\u00f3ria\u201d<\/strong><\/h3>\n<p>Ministrado por Edgar Caetano, especialista no tema, a Omie.Academy oferece um curso de Comunica\u00e7\u00e3o e Orat\u00f3ria com estrat\u00e9gias e ferramentas para desenvolver a habilidade comunicacional.<\/p>\n<blockquote><p>\u200d<strong id=\"\">Leia mais: <\/strong><a href=\"https:\/\/www.metropoles.com\/colunas\/m-buzz\/omie-academy-oferece-curso-sobre-comunicacao-e-oratoria\" target=\"_blank\" rel=\"noopener\"><strong id=\"\">Metr\u00f3poles<\/strong><\/a><\/p><\/blockquote>\n<h3 id=\"\"><strong id=\"\">Curso \u201cEconomia: Intelig\u00eancia na tomada de decis\u00e3o\u201d<\/strong><\/h3>\n<p>Recentemente a Omie.Academy lan\u00e7ou um curso de capacita\u00e7\u00e3o de an\u00e1lise de dados, mostrando as utilidades dessas informa\u00e7\u00f5es para tomada de decis\u00e3o inteligente, al\u00e9m do uso para preven\u00e7\u00e3o de problemas futuros.<\/p>\n<blockquote><p>\u200d<strong id=\"\">Leia mais: <\/strong><a href=\"https:\/\/startupi.com.br\/omie-oferece-curso-gratuito\/\" target=\"_blank\" rel=\"noopener\"><strong id=\"\">Startupi<\/strong><\/a><\/p><\/blockquote>\n<p>\u200d<a id=\"\" href=\"https:\/\/startupi.com.br\/omie-oferece-curso-gratuito\/\" target=\"_blank\" rel=\"noopener\"><strong id=\"\"><br \/>\n<\/strong><\/a><\/p>\n<h2 id=\"\">Eventos<\/h2>\n<h3 id=\"\"><strong id=\"\">CEO da Omie fala de cases de sucesso (e insucesso) na Feira do Empreendedor<\/strong><\/h3>\n<p id=\"\">No dia 11\/10, Marcelo Lombardo, CEO e cofundador da Omie, apresentou o painel &#8220;Casos de sucesso (ou insucesso) empresarial&#8221;, durante a Feira do Empreendedor, evento liderado pelo Sebrae em S\u00e3o Paulo.<\/p>\n<blockquote id=\"\"><p><strong id=\"\">Leia mais: <\/strong><a href=\"https:\/\/gazetadasemana.com.br\/noticia\/88627\/ceo-da-omie-fala-de-cases-de-sucesso-e-insucesso-na-feira-do-empreendedor\" target=\"_blank\" rel=\"noopener\"><strong id=\"\">Gazeta da Semana<\/strong><\/a><\/p><\/blockquote>\n<h3 id=\"\"><strong id=\"\">Omie promove evento para contadores em Florian\u00f3polis<\/strong><\/h3>\n<p id=\"\">No dia 13\/10, a Omie realizou mais um encontro do evento itinerante Conecta Day, dessa vez em Florian\u00f3polis, voltado para troca de experi\u00eancias e networking entre o p\u00fablico cont\u00e1bil da regi\u00e3o.<\/p>\n<blockquote><p><strong id=\"\">Leia mais: <\/strong><a href=\"https:\/\/economiasc.com\/2022\/10\/02\/omie-promove-evento-para-contadores-em-florianopolis\/\" target=\"_blank\" rel=\"noopener\"><strong id=\"\">Economia SC<\/strong><\/a><\/p><\/blockquote>\n","protected":false},"excerpt":{"rendered":"<p>Confira os principais releases da Omie na imprensa na quarta semana de setembro.<\/p>\n","protected":false},"author":10,"featured_media":8107,"comment_status":"closed","ping_status":"closed","sticky":false,"template":"","format":"standard","meta":{"footnotes":""},"categories":[406],"tags":[],"class_list":["post-8106","post","type-post","status-publish","format-standard","has-post-thumbnail","hentry","category-imprensa"],"_links":{"self":[{"href":"https:\/\/www.omie.com.br\/blog\/wp-json\/wp\/v2\/posts\/8106","targetHints":{"allow":["GET"]}}],"collection":[{"href":"https:\/\/www.omie.com.br\/blog\/wp-json\/wp\/v2\/posts"}],"about":[{"href":"https:\/\/www.omie.com.br\/blog\/wp-json\/wp\/v2\/types\/post"}],"author":[{"embeddable":true,"href":"https:\/\/www.omie.com.br\/blog\/wp-json\/wp\/v2\/users\/10"}],"replies":[{"embeddable":true,"href":"https:\/\/www.omie.com.br\/blog\/wp-json\/wp\/v2\/comments?post=8106"}],"version-history":[{"count":1,"href":"https:\/\/www.omie.com.br\/blog\/wp-json\/wp\/v2\/posts\/8106\/revisions"}],"predecessor-version":[{"id":19018,"href":"https:\/\/www.omie.com.br\/blog\/wp-json\/wp\/v2\/posts\/8106\/revisions\/19018"}],"wp:featuredmedia":[{"embeddable":true,"href":"https:\/\/www.omie.com.br\/blog\/wp-json\/wp\/v2\/media\/8107"}],"wp:attachment":[{"href":"https:\/\/www.omie.com.br\/blog\/wp-json\/wp\/v2\/media?parent=8106"}],"wp:term":[{"taxonomy":"category","embeddable":true,"href":"https:\/\/www.omie.com.br\/blog\/wp-json\/wp\/v2\/categories?post=8106"},{"taxonomy":"post_tag","embeddable":true,"href":"https:\/\/www.omie.com.br\/blog\/wp-json\/wp\/v2\/tags?post=8106"}],"curies":[{"name":"wp","href":"https:\/\/api.w.org\/{rel}","templated":true}]}}