{"id":8108,"date":"2022-10-31T18:10:00","date_gmt":"2022-10-31T21:10:00","guid":{"rendered":"https:\/\/www.omie.com.br\/blog\/?p=8108"},"modified":"2024-06-17T18:01:53","modified_gmt":"2024-06-17T21:01:53","slug":"omie-na-imprensa-veja-os-destaques-dessa-semana-11","status":"publish","type":"post","link":"https:\/\/www.omie.com.br\/blog\/omie-na-imprensa-veja-os-destaques-dessa-semana-11\/","title":{"rendered":"Omie na Imprensa: veja os destaques dessa semana!"},"content":{"rendered":"<h2>IODE-PMES<\/h2>\n<h3 id=\"\"><strong id=\"\">IODE-PMEs divulga resultado do 3\u00ba tri e expectativas para final do ano<\/strong><\/h3>\n<p id=\"\">Segundo o \u00cdndice Omie de Desempenho Econ\u00f4mico das PMEs (IODE-PMEs), a atividade econ\u00f4mica das PMEs recuou 3,9% em setembro na compara\u00e7\u00e3o com agosto. Segundo Felipe Beraldi, gerente de Indicadores e Estudos Econ\u00f4micos da Omie, as datas sazonais do final deste ano &#8211; Black Friday, Copa do Mundo de Futebol e Natal &#8211; devem estimular mercados como o Varejo.<\/p>\n<blockquote id=\"\"><p><strong id=\"\">Leia mais:<\/strong> <a id=\"\" href=\"https:\/\/oglobo.globo.com\/blogs\/miriam-leitao\/post\/2022\/10\/a-expectativa-para-o-desempenho-das-pequenas-e-medias-empresas-com-a-copa-do-mundo.ghtml\" target=\"_blank\" rel=\"noopener\">O Globo<\/a> | <a href=\"https:\/\/exame.com\/negocios\/pmes-encolhem-39-em-setembro-black-friday-e-copa-do-mundo-devem-aquecer-fim-de-ano\/\" target=\"_blank\" rel=\"noopener\">Exame<\/a><\/p><\/blockquote>\n<p>\u200d<\/p>\n<h2>Omie Conecta<\/h2>\n<p id=\"\"><strong id=\"\">Inadimpl\u00eancia nas empresas cont\u00e1beis<\/strong><\/p>\n<p id=\"\">Cristiane Andrade, diretora de Relacionamento com Contadores da Omie, convidou para um bate-papo o pesquisador Roberto Dias Duarte e o empres\u00e1rio cont\u00e1bil Arnaldo Jr. para conversarem sobre como evitar a inadimpl\u00eancia nas empresas cont\u00e1beis com ajuda da tecnologia, um dos maiores desafios da contabilidade.<\/p>\n<blockquote id=\"\"><p><strong id=\"\">Ou\u00e7a em:<\/strong> <a id=\"\" href=\"https:\/\/soundcloud.com\/contabeis\/a-inadimplencia-na-empresa-de-contabilidade\" target=\"_blank\" rel=\"noopener\">SoundCloud<\/a> | <a id=\"\" href=\"https:\/\/www.contabeis.com.br\/noticias\/53385\/a-inadimplencia-nas-empresas-de-contabilidade\/\" target=\"_blank\" rel=\"noopener\">Portal Contab\u00e9is<\/a><\/p><\/blockquote>\n<p>\u200d<\/p>\n<p id=\"\"><strong id=\"\">Como eliminar a baixa produtividade na execu\u00e7\u00e3o cont\u00e1bil?<\/strong><\/p>\n<p id=\"\">A convite de Cristiane Andrade, diretora de Relacionamento com Contadores da Omie, a contadora Adriana Matos e o pesquisador Roberto Dias Duarte falam sobre como aumentar a produtividade ao realizar as tarefas cont\u00e1beis.<\/p>\n<blockquote id=\"\"><p><strong id=\"\">Ou\u00e7a em:<\/strong> <a id=\"\" href=\"https:\/\/www.contabeis.com.br\/noticias\/53476\/como-eliminar-a-baixa-produtividade-na-execucao-contabil\/\" target=\"_blank\" rel=\"noopener\">Portal Cont\u00e1beis<\/a><\/p><\/blockquote>\n<p>\u200d<\/p>\n<h2>Omie.Academy<\/h2>\n<p id=\"\"><strong id=\"\">Curso gratuito ensina a avaliar dados econ\u00f4micos e tomar decis\u00f5es<\/strong><\/p>\n<p id=\"\">A Omie.Academy lan\u00e7ou o curso &#8220;Economia: Intelig\u00eancia na tomada de decis\u00e3o&#8221;, demonstrando como as perspectivas do consumidor, do empreendedor, do Banco Central do Brasil (BCB) e do Governo, se envolvem em uma din\u00e2mica de mercado resultante na economia.<\/p>\n<blockquote><p><strong>Leia mais: <\/strong><a id=\"\" href=\"https:\/\/valorinveste.globo.com\/objetivo\/empreenda-se\/noticia\/2022\/10\/17\/curso-gratuito-ensina-a-avaliar-dados-economicos-e-tomar-decisoes.ghtml\" target=\"_blank\" rel=\"noopener\">Valor Investe<\/a> | <a href=\"https:\/\/drive.google.com\/file\/d\/1t3fQYlBGohubFGXs4K6SQxSTHKgYX6nU\/view\" target=\"_blank\" rel=\"noopener\">Correio Braziliense<\/a><\/p><\/blockquote>\n<p>\u200d<\/p>\n<h2>Solu\u00e7\u00f5es<\/h2>\n<p id=\"\"><strong id=\"\">Omie tem solu\u00e7\u00e3o integrada com o ERP para atendimento na \u201cfrente de caixa\u201d<\/strong><\/p>\n<p id=\"\">Acompanhando a evolu\u00e7\u00e3o do mercado financeiro, a Omie j\u00e1 possui diversas solu\u00e7\u00f5es que incorporam o PIX como meio de pagamento para seus clientes, e em breve anunciar\u00e1 mais novidades voltadas para a \u201cfrente de caixa\u201d de empresas varejistas.<\/p>\n<blockquote id=\"\"><p><strong id=\"\">Leia mais:<\/strong> <a href=\"https:\/\/www.portalcontnews.com.br\/para-incentivar-uso-do-pix-em-micro-e-pequenos-negocios-omie-tem-solucao-integrada-com-o-erp-para-atendimento-na-frente-de-caixa\/\" target=\"_blank\" rel=\"noopener\">Portal ContNews<\/a><\/p><\/blockquote>\n<p>\u200d<\/p>\n","protected":false},"excerpt":{"rendered":"<p>Confira os principais releases da Omie na imprensa nas \u00faltimas semanas de outubro<\/p>\n","protected":false},"author":10,"featured_media":8109,"comment_status":"closed","ping_status":"closed","sticky":false,"template":"","format":"standard","meta":{"footnotes":""},"categories":[406],"tags":[],"class_list":["post-8108","post","type-post","status-publish","format-standard","has-post-thumbnail","hentry","category-imprensa"],"_links":{"self":[{"href":"https:\/\/www.omie.com.br\/blog\/wp-json\/wp\/v2\/posts\/8108","targetHints":{"allow":["GET"]}}],"collection":[{"href":"https:\/\/www.omie.com.br\/blog\/wp-json\/wp\/v2\/posts"}],"about":[{"href":"https:\/\/www.omie.com.br\/blog\/wp-json\/wp\/v2\/types\/post"}],"author":[{"embeddable":true,"href":"https:\/\/www.omie.com.br\/blog\/wp-json\/wp\/v2\/users\/10"}],"replies":[{"embeddable":true,"href":"https:\/\/www.omie.com.br\/blog\/wp-json\/wp\/v2\/comments?post=8108"}],"version-history":[{"count":1,"href":"https:\/\/www.omie.com.br\/blog\/wp-json\/wp\/v2\/posts\/8108\/revisions"}],"predecessor-version":[{"id":14263,"href":"https:\/\/www.omie.com.br\/blog\/wp-json\/wp\/v2\/posts\/8108\/revisions\/14263"}],"wp:featuredmedia":[{"embeddable":true,"href":"https:\/\/www.omie.com.br\/blog\/wp-json\/wp\/v2\/media\/8109"}],"wp:attachment":[{"href":"https:\/\/www.omie.com.br\/blog\/wp-json\/wp\/v2\/media?parent=8108"}],"wp:term":[{"taxonomy":"category","embeddable":true,"href":"https:\/\/www.omie.com.br\/blog\/wp-json\/wp\/v2\/categories?post=8108"},{"taxonomy":"post_tag","embeddable":true,"href":"https:\/\/www.omie.com.br\/blog\/wp-json\/wp\/v2\/tags?post=8108"}],"curies":[{"name":"wp","href":"https:\/\/api.w.org\/{rel}","templated":true}]}}