{"id":8110,"date":"2022-11-14T15:07:00","date_gmt":"2022-11-14T18:07:00","guid":{"rendered":"https:\/\/www.omie.com.br\/blog\/?p=8110"},"modified":"2024-06-17T18:01:08","modified_gmt":"2024-06-17T21:01:08","slug":"omie-na-imprensa-veja-os-destaques-dessa-semana-12","status":"publish","type":"post","link":"https:\/\/www.omie.com.br\/blog\/omie-na-imprensa-veja-os-destaques-dessa-semana-12\/","title":{"rendered":"Omie na Imprensa: veja os destaques dessa semana!"},"content":{"rendered":"<h2>Institucional<\/h2>\n<h3 id=\"\"><strong id=\"\">Omie completa 9 anos<\/strong><\/h3>\n<p id=\"\">Movimentando 1,7% do PIB nacional, a scale-up Omie completou 9 anos em outubro deste ano e entre suas conquistas est\u00e3o mais de 110 mil clientes, 1.700 colaboradores, 100 mil inscritos na Omie.Academy, al\u00e9m de aportes, aquisi\u00e7\u00f5es e parceria com contadores que chegam a 35% dos 70 mil escrit\u00f3rios do pa\u00eds.<\/p>\n<blockquote id=\"\"><p><strong id=\"\">Leia mais: <\/strong><a id=\"\" href=\"https:\/\/startupi.com.br\/omie-completa-9-anos\/\" target=\"_blank\" rel=\"noopener\"><strong id=\"\">Startupi<\/strong><\/a><\/p><\/blockquote>\n<p id=\"\">\u200d<\/p>\n<h3 id=\"\"><strong>Linker<\/strong><\/h3>\n<h5 id=\"\"><strong id=\"\">Novos planos Linker<\/strong><\/h5>\n<p id=\"\">Pensando em unir o banking e servi\u00e7os de gest\u00e3o, o banco digital Linker d\u00e1 novos passos seguindo a tend\u00eancia \u201cbeyond banking\u201d, integrando-se cada vez mais a sua controladora, Omie, e acreditando que a jun\u00e7\u00e3o \u00e9 essencial para o sucesso e sobreviv\u00eancia das empresas.<\/p>\n<blockquote id=\"\"><p><strong id=\"\">Leia mais: <\/strong><a id=\"\" href=\"https:\/\/www.terra.com.br\/economia\/dinheiro-em-dia\/meu-negocio\/apos-compra-pela-omie-banco-linker-reforca-estrategia-beyond-banking,d6cde9b0d2dc86065bbe2d522bc391a2fbisufpb.html\" target=\"_blank\" rel=\"noopener\"><strong id=\"\">Terra<\/strong><\/a><strong id=\"\"> | <\/strong><a id=\"\" href=\"https:\/\/finsiders.com.br\/2022\/11\/03\/o-novo-plano-do-linker-para-unir-banking-com-servicos-de-gestao\/\" target=\"_blank\" rel=\"noopener\"><strong id=\"\">Finsiders<\/strong><\/a><\/p><\/blockquote>\n<p id=\"\">\u200d<\/p>\n<h2>Semana da Carreira<\/h2>\n<h3 id=\"\"><strong id=\"\">2\u00aa Semana da carreira Omie<\/strong><\/h3>\n<p id=\"\">Dos dias 7 \u00e0 11 de novembro, a Omie promoveu a 2\u00aa edi\u00e7\u00e3o da Semana da Carreira, direcionado ao tema \u201cTecnologia\u201d, onde especialistas abordaram temas em alta no mercado de trabalho em webinars di\u00e1rios transmitidos pelo canal do <a id=\"\" href=\"https:\/\/www.youtube.com\/user\/omiexperience\/featured\" target=\"_blank\" rel=\"noopener\">YouTube<\/a> da Omie.<\/p>\n<blockquote id=\"\"><p><strong id=\"\">Leia mais: <\/strong><a id=\"\" href=\"https:\/\/gcmais.com.br\/mais-emprego\/2022\/11\/08\/semana-da-carreira-com-palestras-gratuitas-sobre-mercado-de-tecnologia\/\" target=\"_blank\" rel=\"noopener\"><strong id=\"\">GCMais<\/strong><\/a><strong id=\"\"> | <\/strong><a id=\"\" href=\"https:\/\/tecflow.com.br\/2022\/11\/08\/omie-promove-semana-da-carreira-tecnologia\/\" target=\"_blank\" rel=\"noopener\"><strong id=\"\">TecFlow<\/strong><\/a><\/p><\/blockquote>\n<p id=\"\">\u200d<\/p>\n<h2>Solu\u00e7\u00f5es<\/h2>\n<h3 id=\"\"><strong id=\"\">Tecnologia cont\u00e1bil ajuda a descomplicar neg\u00f3cios<\/strong><\/h3>\n<p id=\"\">Neste artigo, a Omie explica como a tecnologia cont\u00e1bil colabora na desburocratiza\u00e7\u00e3o dos neg\u00f3cios e controla a sa\u00fade financeira das empresas, tornando processos manuais demorados em tarefas automatizadas.<\/p>\n<blockquote id=\"\"><p><strong id=\"\">Leia mais: <\/strong><a id=\"\" href=\"https:\/\/www.contabeis.com.br\/noticias\/53554\/saiba-como-tecnologia-contabil-ajuda-a-descomplicar-negocios\" target=\"_blank\" rel=\"noopener\"><strong id=\"\">Cont\u00e1beis\u00a0<\/strong><\/a><\/p><\/blockquote>\n<p id=\"\">\u200d<\/p>\n<h3 id=\"\">IODE-PMEs<\/h3>\n<p id=\"\">Felipe Beraldi, gerente de indicadores e estudos econ\u00f4micos Omie, compartilhou a an\u00e1lise feita com base nos dados do IODE-PMEs e destaca que a desacelera\u00e7\u00e3o dos servi\u00e7os limitou que as PMEs crescessem ainda mais nos \u00faltimos meses.<\/p>\n<blockquote id=\"\"><p><strong id=\"\">Leia mais: <\/strong><a id=\"\" href=\"https:\/\/drive.google.com\/file\/d\/1nt9s9H9GGQp5bu_3ZiwYQgeRlqi8rqYw\/view?usp=sharing\" target=\"_blank\" rel=\"noopener\"><strong id=\"\">Novo Varejo<\/strong><\/a><\/p><\/blockquote>\n<p id=\"\">\u200d<\/p>\n<p id=\"\">Com destaques para os setores ind\u00fastria e com\u00e9rcio, o IODE-PMEs revela que o desempenho econ\u00f4mico das PMEs cresceu 1,1% em setembro de 2022, se comparado ao per\u00edodo hom\u00f3logo.<\/p>\n<blockquote id=\"\"><p><strong id=\"\">Leia mais: <\/strong><a id=\"\" href=\"https:\/\/www.ecommercebrasil.com.br\/noticias\/pmes-crescem-setembro-industria-comercio\" target=\"_blank\" rel=\"noopener\"><strong id=\"\">E-commerce Brasil<\/strong><\/a><\/p><\/blockquote>\n","protected":false},"excerpt":{"rendered":"<p>Confira os principais releases da Omie na imprensa das \u00faltimas semanas.<\/p>\n","protected":false},"author":10,"featured_media":8111,"comment_status":"closed","ping_status":"closed","sticky":false,"template":"","format":"standard","meta":{"footnotes":""},"categories":[406],"tags":[],"class_list":["post-8110","post","type-post","status-publish","format-standard","has-post-thumbnail","hentry","category-imprensa"],"_links":{"self":[{"href":"https:\/\/www.omie.com.br\/blog\/wp-json\/wp\/v2\/posts\/8110","targetHints":{"allow":["GET"]}}],"collection":[{"href":"https:\/\/www.omie.com.br\/blog\/wp-json\/wp\/v2\/posts"}],"about":[{"href":"https:\/\/www.omie.com.br\/blog\/wp-json\/wp\/v2\/types\/post"}],"author":[{"embeddable":true,"href":"https:\/\/www.omie.com.br\/blog\/wp-json\/wp\/v2\/users\/10"}],"replies":[{"embeddable":true,"href":"https:\/\/www.omie.com.br\/blog\/wp-json\/wp\/v2\/comments?post=8110"}],"version-history":[{"count":1,"href":"https:\/\/www.omie.com.br\/blog\/wp-json\/wp\/v2\/posts\/8110\/revisions"}],"predecessor-version":[{"id":14261,"href":"https:\/\/www.omie.com.br\/blog\/wp-json\/wp\/v2\/posts\/8110\/revisions\/14261"}],"wp:featuredmedia":[{"embeddable":true,"href":"https:\/\/www.omie.com.br\/blog\/wp-json\/wp\/v2\/media\/8111"}],"wp:attachment":[{"href":"https:\/\/www.omie.com.br\/blog\/wp-json\/wp\/v2\/media?parent=8110"}],"wp:term":[{"taxonomy":"category","embeddable":true,"href":"https:\/\/www.omie.com.br\/blog\/wp-json\/wp\/v2\/categories?post=8110"},{"taxonomy":"post_tag","embeddable":true,"href":"https:\/\/www.omie.com.br\/blog\/wp-json\/wp\/v2\/tags?post=8110"}],"curies":[{"name":"wp","href":"https:\/\/api.w.org\/{rel}","templated":true}]}}