{"id":8112,"date":"2022-11-28T21:02:00","date_gmt":"2022-11-29T00:02:00","guid":{"rendered":"https:\/\/www.omie.com.br\/blog\/?p=8112"},"modified":"2024-06-17T17:56:53","modified_gmt":"2024-06-17T20:56:53","slug":"omie-na-imprensa-veja-os-destaques-dessa-semana-13","status":"publish","type":"post","link":"https:\/\/www.omie.com.br\/blog\/omie-na-imprensa-veja-os-destaques-dessa-semana-13\/","title":{"rendered":"Omie na Imprensa: veja os destaques dessa semana!"},"content":{"rendered":"<h2 id=\"\">Solu\u00e7\u00f5es<\/h2>\n<p id=\"\">\u200d<strong id=\"\"><br \/>\nOmie leva seu ERP para o mobile<\/strong><\/p>\n<p id=\"\">Em projeto de expans\u00e3o no mercado, a Omie leva sua plataforma para o mobile permitindo que seus clientes tenham acesso facilitado aos m\u00f3dulos do software ERP com mais praticidade.<\/p>\n<blockquote id=\"\"><p><strong id=\"\">Leia mais: <\/strong><a id=\"\" href=\"https:\/\/startups.com.br\/noticias\/omie-leva-seu-erp-para-o-mobile-a-fim-de-expandir-no-mercado\/\" target=\"_blank\" rel=\"noopener\"><strong id=\"\">Startups<\/strong><\/a><strong id=\"\"> | <\/strong><a id=\"\" href=\"https:\/\/www.terra.com.br\/economia\/dinheiro-em-dia\/meu-negocio\/omie-leva-seu-erp-para-o-mobile-a-fim-de-expandir-no-mercado,73daf456d4b4b4b8287b7385fb43778filprxw5u.html\" target=\"_blank\" rel=\"noopener\"><strong id=\"\">Terra<\/strong><\/a><\/p><\/blockquote>\n<p id=\"\">\u200d<\/p>\n<h2 id=\"\">Institucional<\/h2>\n<p>\u200d<\/p>\n<p id=\"\"><strong id=\"\">Omie recebe certificado de \u00e9tica da ABES e ABIMDE<\/strong><\/p>\n<p id=\"\">A Associa\u00e7\u00e3o Brasileira das Empresas de Software (ABES) e a Associa\u00e7\u00e3o Brasileira das Ind\u00fastrias de Materiais de Defesa e de Seguran\u00e7a (ABIMDE) foram respons\u00e1veis por certificar e reconhecer a Omie como uma das empresas que promovem um ambiente \u00e9tico, inovador e din\u00e2mico no cotidiano dos neg\u00f3cios.<\/p>\n<blockquote id=\"\"><p><strong id=\"\">Leia mais: <\/strong><a id=\"\" href=\"https:\/\/startupi.com.br\/strongomie-recebe-certificado-de-etica\/\" target=\"_blank\" rel=\"noopener\"><strong id=\"\">Startupi<\/strong><\/a><\/p><\/blockquote>\n<p id=\"\">\u200d<\/p>\n<p id=\"\"><strong id=\"\">Ingrid Barth \u00e9 a primeira mulher a assumir a presid\u00eancia da Abstartups<\/strong><\/p>\n<p id=\"\">No \u00faltimo dia 18, durante a Confer\u00eancia Anual de Startups e Empreendedorismo (CASE) 2022, a cofundadora e COO do banco Linker, Ingrid Barth, foi anunciada como a primeira mulher a assumir o cargo de presidente da Associa\u00e7\u00e3o Brasileira de Startups (Abstartups).<\/p>\n<blockquote id=\"\"><p><strong id=\"\">Leia mais em: <\/strong><a id=\"\" href=\"https:\/\/forbes.com.br\/forbes-mulher\/2022\/11\/ingrid-barth-e-a-primeira-mulher-a-assumir-a-presidencia-da-abstartups\/\" target=\"_blank\" rel=\"noopener\"><strong id=\"\">Forbes<\/strong><\/a><\/p><\/blockquote>\n<p id=\"\">\u200d<\/p>\n<h2 id=\"\">Black Friday<\/h2>\n<p>\u200d<\/p>\n<p id=\"\"><strong id=\"\">Dicas para gest\u00e3o na Black Friday e impulsionamento de vendas<\/strong><\/p>\n<p id=\"\">Com a chegada das festividades e datas comerciais de fim de ano, a Omie disponibilizou dicas para gest\u00e3o de estoque na Black Friday e sugeriu como impulsionar vendas do varejo neste per\u00edodo.<\/p>\n<blockquote id=\"\"><p><strong id=\"\">Leia mais: <\/strong><a id=\"\" href=\"https:\/\/istoe.com.br\/5-dicas-para-otimizar-a-gestao-de-estoque-na-black-friday-e-impulsionar-vendas-no-varejo\/\" target=\"_blank\" rel=\"noopener\"><strong id=\"\">Isto\u00c9<\/strong><\/a><\/p><\/blockquote>\n<p id=\"\">\u200d<\/p>\n<p id=\"\"><strong id=\"\">Omie realiza ativa\u00e7\u00e3o de Black Friday assinada pela ag\u00eancia Just Live<\/strong><\/p>\n<p id=\"\">Em campanha para Black Friday, a Omie realizou uma ativa\u00e7\u00e3o no Shopping Cidade S\u00e3o Paulo, na Av. Paulista, em S\u00e3o Paulo (SP), nos dias 21 e 22 de novembro, que contou com brindes aos participantes da a\u00e7\u00e3o e ainda com uma superlive que reuniu grandes nomes do empreendedorismo brasileiro para debater experi\u00eancias e desafios em datas sazonais do com\u00e9rcio.<\/p>\n<blockquote id=\"\"><p><strong id=\"\">Leia mais: <\/strong><a id=\"\" href=\"https:\/\/www.promoview.com.br\/blog\/redacao\/brand-experience\/just-ativacao-black-friday-omie.html\" target=\"_blank\" rel=\"noopener\"><strong id=\"\">Promoview<\/strong><\/a><\/p><\/blockquote>\n<p id=\"\">\u200d<\/p>\n<h2 id=\"\">Vagas<\/h2>\n<p>\u200d<\/p>\n<p id=\"\"><strong id=\"\">Omie abre mais de 50 vagas e anuncia p\u00e1gina de carreiras<\/strong><\/p>\n<p id=\"\">Com mais de 50 vagas em aberto para diversas \u00e1reas, a scale-up anuncia o seu novo portal de carreiras que fomenta sua cultura e seus valores e refor\u00e7a sua marca empregadora.<\/p>\n<blockquote id=\"\"><p><strong id=\"\">Leia mais: <\/strong><a id=\"\" href=\"https:\/\/inforchannel.com.br\/2022\/11\/24\/omie-abre-mais-de-50-vagas-e-anuncia-pagina-de-carreiras\/\" target=\"_blank\" rel=\"noopener\"><strong id=\"\">InforChannel<\/strong><\/a><\/p><\/blockquote>\n<p id=\"\">\u200d<\/p>\n<h2 id=\"\">Omie Conecta<\/h2>\n<p id=\"\">\u200d<br \/>\n<strong id=\"\">Como seu escrit\u00f3rio pode dar um salto para a contabilidade digital?<\/strong><\/p>\n<p id=\"\">No quarto epis\u00f3dio do Omie Conecta, a empreendedora cont\u00e1bil, Adriana Matos, convidou Roberto Dias Duarte e Heverton Gentilim para um bate-papo sobre a contabilidade digital nos escrit\u00f3rios desse setor.<\/p>\n<blockquote id=\"\"><p><strong id=\"\">Ou\u00e7a em: <\/strong><a id=\"\" href=\"https:\/\/www.contabeis.com.br\/noticias\/53758\/como-seu-escritorio-pode-dar-um-salto-para-a-contabilidade-digital\/\" target=\"_blank\" rel=\"noopener\"><strong id=\"\">Cont\u00e1beis<\/strong><\/a><\/p><\/blockquote>\n<p id=\"\">\u200d<\/p>\n<h2 id=\"\">Omie.Academy<\/h2>\n<p>\u200d<\/p>\n<p id=\"\"><strong id=\"\">Criptoativos &#8211; Como declarar<\/strong><\/p>\n<p id=\"\">Pensando nas novidades do mercado e no crescente interesse dos brasileiros em criptoativos, a Omie.Academy lan\u00e7ou o curso \u201cCriptoativos &#8211; como declarar\u201d, ministrado por Caroline Nunes, especialista em moedas digitais, que explica o que s\u00e3o esses ativos e como eles podem ser utilizados.<\/p>\n<blockquote id=\"\"><p><strong id=\"\">Leia mais: <\/strong><a id=\"\" href=\"https:\/\/canaltech.com.br\/cursos\/cursos-gratis-de-tecnologia-capacitacao-em-ux-design-criptomoedas-e-mais\/\" target=\"_blank\" rel=\"noopener\"><strong id=\"\">Canaltech<\/strong><\/a><strong id=\"\"> | <\/strong><a id=\"\" href=\"https:\/\/www.terra.com.br\/byte\/cursos-gratis-de-tecnologia-capacitacao-em-ux-design-criptomoedas-e-mais,6a1743863015cf0a4e4eb06941c756a4cfxs27hw.html\" target=\"_blank\" rel=\"noopener\"><strong id=\"\">Terra<\/strong><\/a><\/p><\/blockquote>\n","protected":false},"excerpt":{"rendered":"<p>Confira os principais releases da Omie na imprensa nas \u00faltimas semanas.<\/p>\n","protected":false},"author":10,"featured_media":8113,"comment_status":"closed","ping_status":"closed","sticky":false,"template":"","format":"standard","meta":{"footnotes":""},"categories":[406],"tags":[],"class_list":["post-8112","post","type-post","status-publish","format-standard","has-post-thumbnail","hentry","category-imprensa"],"_links":{"self":[{"href":"https:\/\/www.omie.com.br\/blog\/wp-json\/wp\/v2\/posts\/8112","targetHints":{"allow":["GET"]}}],"collection":[{"href":"https:\/\/www.omie.com.br\/blog\/wp-json\/wp\/v2\/posts"}],"about":[{"href":"https:\/\/www.omie.com.br\/blog\/wp-json\/wp\/v2\/types\/post"}],"author":[{"embeddable":true,"href":"https:\/\/www.omie.com.br\/blog\/wp-json\/wp\/v2\/users\/10"}],"replies":[{"embeddable":true,"href":"https:\/\/www.omie.com.br\/blog\/wp-json\/wp\/v2\/comments?post=8112"}],"version-history":[{"count":1,"href":"https:\/\/www.omie.com.br\/blog\/wp-json\/wp\/v2\/posts\/8112\/revisions"}],"predecessor-version":[{"id":19008,"href":"https:\/\/www.omie.com.br\/blog\/wp-json\/wp\/v2\/posts\/8112\/revisions\/19008"}],"wp:featuredmedia":[{"embeddable":true,"href":"https:\/\/www.omie.com.br\/blog\/wp-json\/wp\/v2\/media\/8113"}],"wp:attachment":[{"href":"https:\/\/www.omie.com.br\/blog\/wp-json\/wp\/v2\/media?parent=8112"}],"wp:term":[{"taxonomy":"category","embeddable":true,"href":"https:\/\/www.omie.com.br\/blog\/wp-json\/wp\/v2\/categories?post=8112"},{"taxonomy":"post_tag","embeddable":true,"href":"https:\/\/www.omie.com.br\/blog\/wp-json\/wp\/v2\/tags?post=8112"}],"curies":[{"name":"wp","href":"https:\/\/api.w.org\/{rel}","templated":true}]}}