{"id":8122,"date":"2022-07-08T16:20:00","date_gmt":"2022-07-08T19:20:00","guid":{"rendered":"https:\/\/www.omie.com.br\/blog\/?p=8122"},"modified":"2024-06-17T18:04:07","modified_gmt":"2024-06-17T21:04:07","slug":"omie-na-imprensa-veja-os-destaques-dessa-semana-3","status":"publish","type":"post","link":"https:\/\/www.omie.com.br\/blog\/omie-na-imprensa-veja-os-destaques-dessa-semana-3\/","title":{"rendered":"Omie na Imprensa: veja os destaques dessa semana!"},"content":{"rendered":"<h2 id=\"\">IODE-PMEs<\/h2>\n<h3 id=\"\"><strong id=\"\">Pequenas e m\u00e9dias empresas t\u00eam crescimento de 5,7% em maio, diz levantamento<\/strong><\/h3>\n<p id=\"\">Segundo levantamento do \u00cdndice Omie de Desempenho Econ\u00f4mico das PMEs (IODE-PMEs), na compara\u00e7\u00e3o com abril de 2022, o \u00edndice tamb\u00e9m mostra avan\u00e7o de 6,1% para o setor, movimento explicado, em partes, pela sazonalidade mais positiva do mercado no per\u00edodo.<\/p>\n<blockquote id=\"\"><p><strong id=\"\">Leia aqui: <\/strong><a id=\"\" href=\"https:\/\/blogs.oglobo.globo.com\/miriam-leitao\/post\/pequenas-e-medias-empresas-tem-crescimento-de-57-em-maio-diz-levantamento.html\" target=\"_blank\" rel=\"noopener\"><strong id=\"\">O Globo<\/strong><\/a><\/p><\/blockquote>\n<h3 id=\"\">\n<strong id=\"\">Varejo PME cresce em 7,2% com Dia dos Namorados na 1\u00aa quinzena de junho<\/strong><\/h3>\n<p id=\"\"><strong id=\"\">\u200d<\/strong>O IODE-PMEs tamb\u00e9m destacou a crescente das m\u00e9dias di\u00e1rias da movimenta\u00e7\u00e3o financeira na primeira quinzena do m\u00eas de junho de 2022 para o setor varejista, decorrente do Dia dos Namorados.<\/p>\n<blockquote id=\"\"><p>\u200d<strong id=\"\">Leia aqui: <\/strong><a id=\"\" href=\"http:\/\/institucional.ae.com.br\/cadernos\/financeiro\/?id=UzE1QmFRQU1YK2pnY0VENkY3V1lHZz09\" target=\"_blank\" rel=\"noopener\"><strong id=\"\">Ag\u00eancia Estado<\/strong><\/a><strong id=\"\"> | <\/strong><a id=\"\" href=\"https:\/\/istoe.com.br\/varejo-pme-tem-crescimento-de-72-com-dia-dos-namorados-na-1a-quinzena-de-junho\/\" target=\"_blank\" rel=\"noopener\"><strong id=\"\">Isto\u00c9<\/strong><\/a><\/p><\/blockquote>\n<p id=\"\">\u200d<\/p>\n<h2 id=\"\">Franquias<\/h2>\n<h3 id=\"\"><strong id=\"\">Omie \u00e9 reconhecida no Pr\u00eamio Melhores Franquias do Brasil 2022<\/strong><\/h3>\n<p id=\"\">A PEGN em parceria com o Serasa Experian concedeu a Omie quatro estrelas no pr\u00eamio Melhores Franquias do Brasil 2022, consolidando o modelo de franquia da scale-up.<\/p>\n<blockquote id=\"\"><p><strong id=\"\">Leia mais em: <\/strong><a id=\"\" href=\"https:\/\/mapadasfranquias.com.br\/noticia\/omie-e-reconhecida-pelo-premio-as-melhores-franquias-do-brasil-2022\/\" target=\"_blank\" rel=\"noopener\"><strong id=\"\">Mapa das Franquias<\/strong><\/a><strong id=\"\"> e <\/strong><a id=\"\" href=\"https:\/\/drive.google.com\/file\/d\/1PfQFDGRrVPjpnrb0FNrTW1O4mApVmhbI\/view\" target=\"_blank\" rel=\"noopener\"><strong id=\"\">PEGN<\/strong><\/a><\/p><\/blockquote>\n<h3 id=\"\"><a href=\"https:\/\/drive.google.com\/file\/d\/1PfQFDGRrVPjpnrb0FNrTW1O4mApVmhbI\/view\" target=\"_blank\" rel=\"noopener\"><strong id=\"\">\u200d<\/strong><br \/>\n<\/a><strong id=\"\">Investimento em Microfranquia como alternativa de renda<\/strong><\/h3>\n<p id=\"\"><strong id=\"\">\u200d<\/strong>No atual momento de infla\u00e7\u00e3o alta, o Correio Braziliense destacou o modelo de microfranquias como um \u00f3timo neg\u00f3cio para quem gostaria de investir de modo a ter uma complementa\u00e7\u00e3o de renda com baixo investimento, trazendo a Omie como um dos exemplos no mercado de tecnologia.<\/p>\n<blockquote id=\"\"><p>\u200d<strong id=\"\">Leia aqui: <\/strong><a href=\"https:\/\/www.correiobraziliense.com.br\/economia\/2022\/07\/5019815-investimento-em-microfranquias-e-uma-boa-alternativa-de-renda.html\" target=\"_blank\" rel=\"noopener\"><strong id=\"\">Correio Braziliense<\/strong><\/a><\/p><\/blockquote>\n<h2 id=\"\"><a id=\"\" href=\"https:\/\/www.correiobraziliense.com.br\/economia\/2022\/07\/5019815-investimento-em-microfranquias-e-uma-boa-alternativa-de-renda.html\" target=\"_blank\" rel=\"noopener\"><strong id=\"\">\u200d<\/strong><br \/>\n<\/a>ERP<strong id=\"\">\u200d<\/strong><\/h2>\n<h3 id=\"\"><strong id=\"\">Omie anuncia pagamento via cart\u00e3o de cr\u00e9dito integrado ao ERP<\/strong><\/h3>\n<p id=\"\">Sem sair do sistema, clientes Omie agora possuem acesso a um produto de link para pagamento via cart\u00e3o de cr\u00e9dito. A tecnologia foi criada a partir da parceria com a fintech Justa.<strong id=\"\">\u200d<\/strong><\/p>\n<blockquote id=\"\"><p><strong id=\"\">Leia aqui:<\/strong> <a id=\"\" href=\"https:\/\/www.channel360.com.br\/omie-cartao-credito-erp\/\" target=\"_blank\" rel=\"noopener\">Channel360\u00ba<\/a><\/p><\/blockquote>\n<p id=\"\"><a id=\"\" href=\"https:\/\/www.channel360.com.br\/omie-cartao-credito-erp\/\" target=\"_blank\" rel=\"noopener\">\u200d<br \/>\n<\/a><\/p>\n<h2 id=\"\">Geral<strong id=\"\">\u200d<\/strong><\/h2>\n<h3 id=\"\"><strong id=\"\">Startups que n\u00e3o pararam de contratar<\/strong><\/h3>\n<p id=\"\"><strong id=\"\">\u200d<\/strong>O NeoFeed destacou a Omie como uma das startups que segue seu plano de expans\u00e3o, contratando funcion\u00e1rios e ampliando neg\u00f3cios no momento em que muitos unic\u00f3rnios est\u00e3o demitindo e cortando seus custos.<strong id=\"\">\u200d<\/strong><\/p>\n<blockquote id=\"\"><p><strong id=\"\">Leia aqui: <\/strong><a id=\"\" href=\"https:\/\/neofeed.com.br\/blog\/home\/as-startups-que-estao-remando-contra-a-correnteza-e-nao-pararam-de-contratar\/\" target=\"_blank\" rel=\"noopener\"><strong id=\"\">NeoFeed<\/strong><\/a><\/p><\/blockquote>\n<h3 id=\"\"><a id=\"\" href=\"https:\/\/neofeed.com.br\/blog\/home\/as-startups-que-estao-remando-contra-a-correnteza-e-nao-pararam-de-contratar\/\" target=\"_blank\" rel=\"noopener\"><strong id=\"\">\u200d<\/strong><br \/>\n<\/a><strong id=\"\">100 principais CEOs de startups do Brasil<\/strong><\/h3>\n<p id=\"\"><strong id=\"\">\u200d<\/strong>Marcelo Lombardo, CEO da Omie, foi nomeado pela pesquisa feita pela Distrito como um dos 100 principais l\u00edderes que est\u00e3o a frente das startups mais relevantes no cen\u00e1rio nacional.<strong id=\"\">\u200d<\/strong><\/p>\n<blockquote id=\"\"><p><strong id=\"\">Leia aqui: <\/strong><a id=\"\" href=\"https:\/\/revistapegn.globo.com\/Startups\/noticia\/2022\/07\/quem-sao-os-ceos-das-100-principais-startups-do-brasil.html\" target=\"_blank\" rel=\"noopener\"><strong id=\"\">PEGN<\/strong><\/a><\/p><\/blockquote>\n<p id=\"\">\u200d<\/p>\n","protected":false},"excerpt":{"rendered":"<p>Confira os principais releases da Omie na imprensa da primeira semana de julho.<\/p>\n","protected":false},"author":10,"featured_media":8123,"comment_status":"closed","ping_status":"closed","sticky":false,"template":"","format":"standard","meta":{"footnotes":""},"categories":[406],"tags":[],"class_list":["post-8122","post","type-post","status-publish","format-standard","has-post-thumbnail","hentry","category-imprensa"],"_links":{"self":[{"href":"https:\/\/www.omie.com.br\/blog\/wp-json\/wp\/v2\/posts\/8122","targetHints":{"allow":["GET"]}}],"collection":[{"href":"https:\/\/www.omie.com.br\/blog\/wp-json\/wp\/v2\/posts"}],"about":[{"href":"https:\/\/www.omie.com.br\/blog\/wp-json\/wp\/v2\/types\/post"}],"author":[{"embeddable":true,"href":"https:\/\/www.omie.com.br\/blog\/wp-json\/wp\/v2\/users\/10"}],"replies":[{"embeddable":true,"href":"https:\/\/www.omie.com.br\/blog\/wp-json\/wp\/v2\/comments?post=8122"}],"version-history":[{"count":1,"href":"https:\/\/www.omie.com.br\/blog\/wp-json\/wp\/v2\/posts\/8122\/revisions"}],"predecessor-version":[{"id":19015,"href":"https:\/\/www.omie.com.br\/blog\/wp-json\/wp\/v2\/posts\/8122\/revisions\/19015"}],"wp:featuredmedia":[{"embeddable":true,"href":"https:\/\/www.omie.com.br\/blog\/wp-json\/wp\/v2\/media\/8123"}],"wp:attachment":[{"href":"https:\/\/www.omie.com.br\/blog\/wp-json\/wp\/v2\/media?parent=8122"}],"wp:term":[{"taxonomy":"category","embeddable":true,"href":"https:\/\/www.omie.com.br\/blog\/wp-json\/wp\/v2\/categories?post=8122"},{"taxonomy":"post_tag","embeddable":true,"href":"https:\/\/www.omie.com.br\/blog\/wp-json\/wp\/v2\/tags?post=8122"}],"curies":[{"name":"wp","href":"https:\/\/api.w.org\/{rel}","templated":true}]}}