{"id":8124,"date":"2022-07-25T18:40:00","date_gmt":"2022-07-25T21:40:00","guid":{"rendered":"https:\/\/www.omie.com.br\/blog\/?p=8124"},"modified":"2024-06-17T18:02:48","modified_gmt":"2024-06-17T21:02:48","slug":"omie-na-imprensa-veja-os-destaques-dessa-semana-4","status":"publish","type":"post","link":"https:\/\/www.omie.com.br\/blog\/omie-na-imprensa-veja-os-destaques-dessa-semana-4\/","title":{"rendered":"Omie na Imprensa: veja os destaques dessa semana!"},"content":{"rendered":"<h2 id=\"\">Omie<\/h2>\n<h3 id=\"\"><strong id=\"\">Omie chega a 100 mil clientes<\/strong><\/h3>\n<p id=\"\">Ap\u00f3s aumentar em 60% o n\u00famero de clientes em 2021 e refor\u00e7ar posicionamento Customer Centric para manter o crescimento sustent\u00e1vel e consistente, num cen\u00e1rio ainda impactado pela pandemia, a scale up comemora o marco de 100 mil clientes atendidos.<\/p>\n<blockquote id=\"\"><p><strong id=\"\">Leia mais:<\/strong> <a id=\"\" href=\"https:\/\/economiasp.com\/2022\/07\/12\/omie-chega-a-100-mil-clientes\/\" target=\"_blank\" rel=\"noopener\">Economia SP<\/a><\/p><\/blockquote>\n<h2 id=\"\">\nGrowth<\/h2>\n<h3 id=\"\"><strong id=\"\">Humberto Bifani: Growth na \u00e1rea de tecnologia<\/strong>\u200d<\/h3>\n<p id=\"\">O diretor de Marketing &amp; Growth da Omie, Humberto Bifani, compartilhou os desafios de Growth na \u00e1rea de tecnologia e os destaques da sua trajet\u00f3ria profissional a convite do podcast Growth com Hack.<strong id=\"\">\u200d<\/strong><\/p>\n<blockquote id=\"\"><p><strong id=\"\">Ou\u00e7a em: <\/strong><a id=\"\" href=\"https:\/\/open.spotify.com\/episode\/4EnoeElAs4dgTiaz2GGbxx?si=99kD3-4qQfe5v25wfRF0yg&amp;nd=1\" target=\"_blank\" rel=\"noopener\"><strong id=\"\">Spotify<\/strong><\/a><\/p><\/blockquote>\n<h2 id=\"\">\nFranquias<strong id=\"\">\u200d<\/strong><\/h2>\n<h3 id=\"\"><strong id=\"\">Omie na ABF Expo Franchising 2022<\/strong><\/h3>\n<p id=\"\">A Revista Franquia fez a cobertura da feira organizada pela ABF em S\u00e3o Paulo &#8211; maior evento do setor no mundo &#8211; e falou com o Andr\u00e9 Silva, gerente de Expans\u00e3o da Omie, sobre a escalada da scale up no franchising.<\/p>\n<blockquote id=\"\"><p><strong id=\"\">Ou\u00e7a em: <\/strong><a id=\"\" href=\"https:\/\/open.spotify.com\/episode\/0rqOW5hL4PyovJyCmxpUKj\" target=\"_blank\" rel=\"noopener\"><strong id=\"\">Spotify<\/strong><\/a><\/p><\/blockquote>\n<h3 id=\"\">\u200d<br \/>\n<strong id=\"\">Franquias home based ganham for\u00e7a no mercado<\/strong><\/h3>\n<p id=\"\">Presente em diversos segmentos do franchising, o formato avan\u00e7ou com a pandemia. Desde 2021, a Omie aposta no modelo, que exige baixos investimentos e possui r\u00e1pido retorno financeiro.<\/p>\n<blockquote id=\"\"><p><strong id=\"\">Leia <\/strong><a id=\"\" href=\"https:\/\/www.jornaldocomercio.com\/ge2\/noticias\/2022\/07\/853051-franquias-home-based-ganham-forca-no-mercado.html\" target=\"_blank\" rel=\"noopener\"><strong id=\"\">aqui<\/strong><\/a><strong id=\"\"> e <\/strong><a id=\"\" href=\"https:\/\/www.jornaldocomercio.com\/ge2\/noticias\/2022\/07\/853867-confira-10-franquias-home-based-para-investir.html\" target=\"_blank\" rel=\"noopener\"><strong id=\"\">aqui<\/strong><\/a><\/p><\/blockquote>\n<h2 id=\"\">\nArtigo &#8211; Aurora Suh<\/h2>\n<h3 id=\"\"><strong id=\"\">Existe uma f\u00f3rmula para o equil\u00edbrio entre gest\u00e3o e crescimento dos neg\u00f3cios?<\/strong><\/h3>\n<p id=\"\">Em sua coluna mensal no Portal Customer, Aurora Suh, CRO da Omie, faz uma an\u00e1lise sobre a import\u00e2ncia de se pensar em estrat\u00e9gias de crescimento de neg\u00f3cios voltadas para ter o usu\u00e1rio final sempre no centro das decis\u00f5es, como forma de fideliz\u00e1-los.<\/p>\n<blockquote id=\"\"><p><strong id=\"\">Leia aqui: <\/strong><a id=\"\" href=\"https:\/\/portalcustomer.com.br\/existe-uma-formula-para-o-equilibrio-entre-gestao-e-crescimento-dos-negocios\/\" target=\"_blank\" rel=\"noopener\"><strong id=\"\">Portal Customer<\/strong><\/a><\/p><\/blockquote>\n<h2 id=\"\">\u200d<br \/>\nConecta Day<strong id=\"\">\u200d<\/strong><\/h2>\n<h3 id=\"\"><strong id=\"\">S\u00e3o Paulo recebeu segunda edi\u00e7\u00e3o de evento gratuito para contadores<\/strong><\/h3>\n<p id=\"\">Com o objetivo de oferecer estrat\u00e9gias inovadoras focadas em crescimento por meio de\u00a0 workshops, palestras e apresenta\u00e7\u00f5es de especialistas no segmento cont\u00e1bil, o Conecta Day \u00e9 um evento itinerante nacional gratuito para empres\u00e1rios e profissionais da contabilidade, e j\u00e1 passou pela segunda vez pela capital paulista.<strong id=\"\">\u200d<\/strong><\/p>\n<blockquote id=\"\"><p><strong id=\"\">Leia mais: <\/strong><a id=\"\" href=\"https:\/\/www.portalcontnews.com.br\/sao-paulo-recebe-nova-edicao-de-evento-gratuito-para-contadores\/\" target=\"_blank\" rel=\"noopener\"><strong id=\"\">Portal ContNews<\/strong><\/a><\/p><\/blockquote>\n<p id=\"\">\u200d<\/p>\n<p id=\"\">\u200d<\/p>\n<p id=\"\">\u200d<\/p>\n","protected":false},"excerpt":{"rendered":"<p>Confira os principais releases da Omie na imprensa na quarta semana de julho.<\/p>\n","protected":false},"author":10,"featured_media":8125,"comment_status":"closed","ping_status":"closed","sticky":false,"template":"","format":"standard","meta":{"footnotes":""},"categories":[406],"tags":[],"class_list":["post-8124","post","type-post","status-publish","format-standard","has-post-thumbnail","hentry","category-imprensa"],"_links":{"self":[{"href":"https:\/\/www.omie.com.br\/blog\/wp-json\/wp\/v2\/posts\/8124","targetHints":{"allow":["GET"]}}],"collection":[{"href":"https:\/\/www.omie.com.br\/blog\/wp-json\/wp\/v2\/posts"}],"about":[{"href":"https:\/\/www.omie.com.br\/blog\/wp-json\/wp\/v2\/types\/post"}],"author":[{"embeddable":true,"href":"https:\/\/www.omie.com.br\/blog\/wp-json\/wp\/v2\/users\/10"}],"replies":[{"embeddable":true,"href":"https:\/\/www.omie.com.br\/blog\/wp-json\/wp\/v2\/comments?post=8124"}],"version-history":[{"count":2,"href":"https:\/\/www.omie.com.br\/blog\/wp-json\/wp\/v2\/posts\/8124\/revisions"}],"predecessor-version":[{"id":19014,"href":"https:\/\/www.omie.com.br\/blog\/wp-json\/wp\/v2\/posts\/8124\/revisions\/19014"}],"wp:featuredmedia":[{"embeddable":true,"href":"https:\/\/www.omie.com.br\/blog\/wp-json\/wp\/v2\/media\/8125"}],"wp:attachment":[{"href":"https:\/\/www.omie.com.br\/blog\/wp-json\/wp\/v2\/media?parent=8124"}],"wp:term":[{"taxonomy":"category","embeddable":true,"href":"https:\/\/www.omie.com.br\/blog\/wp-json\/wp\/v2\/categories?post=8124"},{"taxonomy":"post_tag","embeddable":true,"href":"https:\/\/www.omie.com.br\/blog\/wp-json\/wp\/v2\/tags?post=8124"}],"curies":[{"name":"wp","href":"https:\/\/api.w.org\/{rel}","templated":true}]}}