{"id":8126,"date":"2022-06-27T16:00:00","date_gmt":"2022-06-27T19:00:00","guid":{"rendered":"https:\/\/www.omie.com.br\/blog\/?p=8126"},"modified":"2024-06-17T18:11:20","modified_gmt":"2024-06-17T21:11:20","slug":"omie-na-imprensa-veja-os-destaques-dessa-semana-4-junho","status":"publish","type":"post","link":"https:\/\/www.omie.com.br\/blog\/omie-na-imprensa-veja-os-destaques-dessa-semana-4-junho\/","title":{"rendered":"Omie na Imprensa: veja os destaques dessa semana!"},"content":{"rendered":"<h2>Omie.Academy<\/h2>\n<h3><strong id=\"\">Quebrei, e agora? Curso gratuito e online ensina a lidar com a fal\u00eancia de neg\u00f3cios<\/strong><\/h3>\n<p>Segundo o Instituto Brasileiro de Geografia e Estat\u00edstica (IBGE), 48% das empresas brasileiras fecham em at\u00e9 tr\u00eas anos ap\u00f3s sua abertura, pensando nisso, o pilar educacional da Omie, o Omie.Academy lan\u00e7ou um curso que ensina o empreendedor a lidar com a fal\u00eancia, com ajuda do professor S\u00e9rgio Palazzo, autor do livro \u201cMinha Empresa na UTI\u201d.<\/p>\n<blockquote><p><strong id=\"\">Leia aqui:<\/strong> <a href=\"https:\/\/exame.com\/carreira\/quebrei-e-agora-curso-gratuito-e-online-ensina-a-lidar-com-a-falencia-de-negocios\/\" target=\"_blank\" rel=\"noopener\">Exame<\/a><\/p><\/blockquote>\n<p>\u200d<\/p>\n<h2>Franquias<strong id=\"\">\u200d<\/strong><\/h2>\n<h3><strong id=\"\">Omie na maior feira de franquias do mundo<\/strong><\/h3>\n<p>Para a ABF Franchising Expo deste ano, maior evento do setor no Brasil, a Omie apresentou seus dois modelos de neg\u00f3cio para esse mercado &#8211; padr\u00e3o e microfranquias.<\/p>\n<blockquote><p><strong id=\"\">Leia aqui:<\/strong> <a href=\"https:\/\/www.portaldofranchising.com.br\/noticias\/omie-aposta-em-modelo-home-based-na-maior-feira-de-franquias-do-mundo\/\" target=\"_blank\" rel=\"noopener\">Portal do Franchising<\/a> | <a href=\"https:\/\/www.portaldofranchising.com.br\/franquias\/omie-um-modelo-de-negocio-consolidado\/\" target=\"_blank\" rel=\"noopener\">Portal do Franchising<\/a><\/p><\/blockquote>\n<p>\u200d<\/p>\n<h2>Solu\u00e7\u00f5es Omie<\/h2>\n<h3><strong id=\"\">100 mil clientes, uma escolha: crescer com a Omie<\/strong><\/h3>\n<p>Para comemorar a conquista dos 100 mil clientes do ERP Omie, a empresa, junto \u00e0 ag\u00eancia Jokerman, lan\u00e7ou uma campanha especial que conta com diversas a\u00e7\u00f5es para p\u00fablicos internos e externos, incluindo um truck itinerante, com atividades interativas conectadas ao conceito da a\u00e7\u00e3o, que vai circular pelas ruas de S\u00e3o Paulo (SP) at\u00e9 o dia 9 de julho.<\/p>\n<blockquote><p><strong id=\"\">Leia aqui<\/strong>: <a href=\"https:\/\/www.abcdacomunicacao.com.br\/omie-cria-campanha-de-100-mil-clientes-com-truck-e-atividade-interativa-nas-ruas-de-sao-paulo\/\" target=\"_blank\" rel=\"noopener\">ABC da Comunica\u00e7\u00e3o<\/a><\/p><\/blockquote>\n<p>\u200d<\/p>\n<h3><strong id=\"\">Tend\u00eancias para o segundo semestre\u00a0<\/strong><\/h3>\n<p>Para o segundo semestre de 2022, Jos\u00e9 Adriano, diretor de marketing de produto da Omie, acredita que os sistemas de gest\u00e3o (ERP) evoluam de modo a contemplar as demandas e necessidades do mercado e empreendedores, trazendo novas ferramentas, extens\u00f5es e solu\u00e7\u00f5es, entre outros pontos.<\/p>\n<blockquote><p><strong id=\"\">Leia aqui: <\/strong><a href=\"https:\/\/inforchannel.com.br\/2022\/06\/11\/tendencias-do-mercado-de-softwares-de-erp-para-o-2o-semestre\/\" target=\"_blank\" rel=\"noopener\">Infor Channel<\/a><\/p><\/blockquote>\n<p>\u200d<\/p>\n<h3><strong id=\"\">Papo com Luiz Felipe Massad<\/strong><\/h3>\n<p>A convite do portal Caju\u00edna, o CHRO da Omie, Luiz Felipe Massad, falou sobre as mudan\u00e7as e desafios encontrados no mercado de RH com base em seus quase 20 anos de experi\u00eancia profissional no mercado.<\/p>\n<blockquote><p><strong id=\"\">Leia aqui: <\/strong><a href=\"https:\/\/www.cajuina.org\/post\/luiz-felipe-massad-chro-da-omie\" target=\"_blank\" rel=\"noopener\">Caju\u00edna<\/a><\/p><\/blockquote>\n<p>\u200d<\/p>\n<h2>Conecta Day<\/h2>\n<h3><strong id=\"\">Educa\u00e7\u00e3o e Networking<\/strong><\/h3>\n<p>Desde maio a Omie tem promovido o Conecta Day, evento que passa pelas principais cidades brasileiras visando realizar debates sobre experi\u00eancias e estrat\u00e9gias que enriquecem o mercado cont\u00e1bil.<\/p>\n<blockquote><p><strong id=\"\">Leia aqui: <\/strong><a href=\"https:\/\/www.portalcontnews.com.br\/educacao-e-networking-conecta-day-da-omie-quer-acelerar-a-transformacao-digital-dos-contadores\/\" target=\"_blank\" rel=\"noopener\">Portal ContNews<\/a><\/p><\/blockquote>\n","protected":false},"excerpt":{"rendered":"<p>Confira os principais releases da Omie na imprensa na quarta semana de junho.<\/p>\n","protected":false},"author":10,"featured_media":8127,"comment_status":"closed","ping_status":"closed","sticky":false,"template":"","format":"standard","meta":{"footnotes":""},"categories":[406],"tags":[],"class_list":["post-8126","post","type-post","status-publish","format-standard","has-post-thumbnail","hentry","category-imprensa"],"_links":{"self":[{"href":"https:\/\/www.omie.com.br\/blog\/wp-json\/wp\/v2\/posts\/8126","targetHints":{"allow":["GET"]}}],"collection":[{"href":"https:\/\/www.omie.com.br\/blog\/wp-json\/wp\/v2\/posts"}],"about":[{"href":"https:\/\/www.omie.com.br\/blog\/wp-json\/wp\/v2\/types\/post"}],"author":[{"embeddable":true,"href":"https:\/\/www.omie.com.br\/blog\/wp-json\/wp\/v2\/users\/10"}],"replies":[{"embeddable":true,"href":"https:\/\/www.omie.com.br\/blog\/wp-json\/wp\/v2\/comments?post=8126"}],"version-history":[{"count":2,"href":"https:\/\/www.omie.com.br\/blog\/wp-json\/wp\/v2\/posts\/8126\/revisions"}],"predecessor-version":[{"id":19022,"href":"https:\/\/www.omie.com.br\/blog\/wp-json\/wp\/v2\/posts\/8126\/revisions\/19022"}],"wp:featuredmedia":[{"embeddable":true,"href":"https:\/\/www.omie.com.br\/blog\/wp-json\/wp\/v2\/media\/8127"}],"wp:attachment":[{"href":"https:\/\/www.omie.com.br\/blog\/wp-json\/wp\/v2\/media?parent=8126"}],"wp:term":[{"taxonomy":"category","embeddable":true,"href":"https:\/\/www.omie.com.br\/blog\/wp-json\/wp\/v2\/categories?post=8126"},{"taxonomy":"post_tag","embeddable":true,"href":"https:\/\/www.omie.com.br\/blog\/wp-json\/wp\/v2\/tags?post=8126"}],"curies":[{"name":"wp","href":"https:\/\/api.w.org\/{rel}","templated":true}]}}