{"id":8128,"date":"2022-08-08T14:29:00","date_gmt":"2022-08-08T17:29:00","guid":{"rendered":"https:\/\/www.omie.com.br\/blog\/?p=8128"},"modified":"2023-02-13T15:43:37","modified_gmt":"2023-02-13T18:43:37","slug":"omie-na-imprensa-veja-os-destaques-dessa-semana-5","status":"publish","type":"post","link":"https:\/\/www.omie.com.br\/blog\/omie-na-imprensa-veja-os-destaques-dessa-semana-5\/","title":{"rendered":"Omie na Imprensa: veja os destaques dessa semana!"},"content":{"rendered":"<h2 id=\"\">Portal Omie<\/h2>\n<h3 id=\"\"><strong id=\"\">Omie compra empresa de cr\u00e9dito e pretende originar R$ 500 milh\u00f5es<\/strong><\/h3>\n<p id=\"\">Inaugurando o quarto pilar da Omie, \u201cComunidade\u201d, a empresa anunciou uma nova forma de se comunicar com os clientes dos seus clientes, por meio do Portal Omie, al\u00e9m de outras novidades, como a aquisi\u00e7\u00e3o da Ergoncredit, cuja atua\u00e7\u00e3o far\u00e1 parte desse novo ecossistema. <\/p>\n<blockquote id=\"\"><p>\u200d<strong id=\"\">Leia mais: <\/strong><a href=\"https:\/\/neofeed.com.br\/blog\/home\/omie-compra-empresa-de-credito-e-pretende-originar-r-500-milhoes\/\" id=\"\" target=\"_blank\" rel=\"noopener\">NeoFeed<\/a> e <a href=\"https:\/\/startups.com.br\/noticias\/omie-compra-startup-de-credito-e-mira-1-milhao-de-clientes-ate-2025\/?utm_source=Startups.com.br&#038;utm_campaign=f37be86629-NEWSLETTER_2022_07_27_COPY_01&#038;utm_medium=email&#038;utm_term=0_ab8b69d017-f37be86629-369034378&#038;ct=t(NEWSLETTER_2022_07_27_COPY_01)&#038;mc_cid=f37be86629&#038;mc_eid=6d64d1a767\" id=\"\" target=\"_blank\" rel=\"noopener\">Startups<\/a><\/p><\/blockquote>\n<p id=\"\">\u200d<\/p>\n<h3 id=\"\"><strong id=\"\">Startup Summit: Evento re\u00fane startups e agentes da inova\u00e7\u00e3o em florian\u00f3polis<\/strong><\/h3>\n<p id=\"\"><strong id=\"\">\u200d<\/strong>Marcelo Lombardo, CEO e co-founder da Omie foi um dos convidados para debater inova\u00e7\u00e3o, tend\u00eancias e dicas de crescimento para pequenas companhias de tecnologia na capital catarinense.<strong id=\"\">\u200d<\/strong><\/p>\n<blockquote id=\"\"><p><strong id=\"\">Leia mais:<\/strong> <a href=\"https:\/\/exame.com\/negocios\/startup-summit-evento-que-comeca-hoje-reune-startups-e-agentes-de-inovacao-em-florianopolis\/\" target=\"_blank\" rel=\"noopener\">Exame<\/a><a href=\"https:\/\/exame.com\/negocios\/startup-summit-evento-que-comeca-hoje-reune-startups-e-agentes-de-inovacao-em-florianopolis\/\" target=\"_blank\" rel=\"noopener\">\u200d<\/a><\/p><\/blockquote>\n<h2 id=\"\"><a href=\"https:\/\/exame.com\/negocios\/startup-summit-evento-que-comeca-hoje-reune-startups-e-agentes-de-inovacao-em-florianopolis\/\" target=\"_blank\" rel=\"noopener\">\u200d<\/a><a href=\"https:\/\/exame.com\/negocios\/startup-summit-evento-que-comeca-hoje-reune-startups-e-agentes-de-inovacao-em-florianopolis\/\" target=\"_blank\" rel=\"noopener\">\u200d<\/a><\/h2>\n<h2 id=\"\"><a href=\"https:\/\/exame.com\/negocios\/startup-summit-evento-que-comeca-hoje-reune-startups-e-agentes-de-inovacao-em-florianopolis\/\" target=\"_blank\" rel=\"noopener\">\u200d<\/a>IODE-PMEs<strong id=\"\">\u200d<\/strong><\/h2>\n<h3 id=\"\"><strong id=\"\">Movimenta\u00e7\u00e3o financeira das PMEs em junho de 2022<\/strong><\/h3>\n<p id=\"\">Comparado ao mesmo per\u00edodo do ano anterior, o IODE-PMEs mostra que a m\u00e9dia da movimenta\u00e7\u00e3o financeira das PMEs em junho cresceu cerca de 1,6%.&nbsp;<\/p>\n<blockquote id=\"\"><p><strong id=\"\">Leia mais:<\/strong> <a href=\"https:\/\/exame.com\/negocios\/movimentacao-financeira-das-pmes-cresce-16-em-junho-mostra-iode-pmes\/\" id=\"\" target=\"_blank\" rel=\"noopener\">Exame<\/a> e <a href=\"https:\/\/einvestidor.estadao.com.br\/ultimas\/movimentacao-financeira-pmes-cresce-junho\/\" id=\"\" target=\"_blank\" rel=\"noopener\">Estad\u00e3o<\/a><\/p><\/blockquote>\n<h3 id=\"\"><a href=\"https:\/\/einvestidor.estadao.com.br\/ultimas\/movimentacao-financeira-pmes-cresce-junho\/\" id=\"\" target=\"_blank\" rel=\"noopener\">\u200d<br \/><\/a><strong id=\"\">Faturamento de PMEs deve desacelerar em 2023<\/strong><\/h3>\n<p id=\"\">O \u00cdndice Omie de Desempenho Econ\u00f4mico das PMEs (IODE-PMEs) prev\u00ea um cen\u00e1rio econ\u00f4mico mais desafiador no Brasil e no mundo, com a movimenta\u00e7\u00e3o financeira real das pequenas e m\u00e9dias empresas brasileiras desacelerando em 2023.<strong id=\"\">\u200d<\/strong><\/p>\n<blockquote id=\"\"><p><strong id=\"\">Leia mais:<\/strong> <a href=\"https:\/\/exame.com\/negocios\/faturamento-das-pmes-deve-desacelerar-em-2023-mostra-iode-pmes\/\" id=\"\" target=\"_blank\" rel=\"noopener\">Exame<\/a> | <a href=\"https:\/\/revistapegn.globo.com\/Economia\/noticia\/2022\/07\/faturamento-das-pmes-deve-desacelerar-em-2023-com-alta-de-12-mostra-indice.html\" id=\"\" target=\"_blank\" rel=\"noopener\">PEGN<\/a> | <a href=\"https:\/\/www.youtube.com\/watch?v=UnIgqSUDRW0&#038;t=1605s&#038;ab_channel=TC\" id=\"\" target=\"_blank\" rel=\"noopener\">TC R\u00e1dio<\/a><\/p><\/blockquote>\n<p id=\"\">\u200d<\/p>\n<h2 id=\"\">Institucional<\/h2>\n<h3 id=\"\"><strong id=\"\">Estrat\u00e9gias e desafios das fintechs<\/strong><\/h3>\n<p id=\"\">A Distrito convidou algumas startups, entre elas a Omie, para contar sobre suas estrat\u00e9gias e desafios encontrados na jornada frente a um futuro mirando o crescimento no mercado das fintechs.<\/p>\n<blockquote id=\"\"><p><strong id=\"\">Leia mais:<\/strong> <a href=\"https:\/\/distrito.me\/blog\/levamos-4-perguntas-para-4-fintechs\/\" id=\"\" target=\"_blank\" rel=\"noopener\">Blog Distrito<br \/><\/a><\/p><\/blockquote>\n<p id=\"\">\u200d<\/p>\n<h2 id=\"\">Mercado Cont\u00e1bil<strong id=\"\">\u200d<\/strong><\/h2>\n<h3 id=\"\"><strong id=\"\">Saiba como reduzir e controlar a inadimpl\u00eancia<\/strong><\/h3>\n<p id=\"\">A economia passa por um momento desafiador em 2022 e o n\u00e3o cumprimento dos pagamentos pode impactar diretamente na organiza\u00e7\u00e3o estrat\u00e9gica de uma institui\u00e7\u00e3o. Com isso em mente, Cristiane Andrade, diretora de Sucesso do Contador da Omie, conta sobre como a tecnologia vem para ajudar na organiza\u00e7\u00e3o e controle financeiro das empresas do setor cont\u00e1bil. <strong id=\"\">\u200d<\/strong><\/p>\n<blockquote id=\"\"><p><strong id=\"\">Leia mais:<\/strong> <a href=\"https:\/\/www.portalcontnews.com.br\/tecnologia-na-contabilidade-saiba-como-reduzir-e-controlar-inadimplencia-no-setor\/\" id=\"\" target=\"_blank\" rel=\"noopener\">Portal ContNews<\/a><\/p><\/blockquote>\n<p id=\"\">\u200d<\/p>\n<h3 id=\"\"><strong id=\"\">Conta digital e cart\u00e3o de cr\u00e9dito, funcionalidades Omie<\/strong><\/h3>\n<p id=\"\">Com a aquisi\u00e7\u00e3o do banco digital para PMEs, Linker, a Omie trouxe para seu ERP funcionalidades como cart\u00e3o de cr\u00e9dito e conta digital de modo a tornar a gest\u00e3o financeira de seus clientes mais simples e acess\u00edvel. <strong id=\"\">\u200d<\/strong><\/p>\n<blockquote id=\"\"><p><strong id=\"\">Leia mais:<\/strong> <a href=\"https:\/\/www.portalcontnews.com.br\/conta-digital-e-cartoes-de-credito-sao-funcionalidades-fintech-da-omie-para-contadores-e-empreendedores\/\" id=\"\" target=\"_blank\" rel=\"noopener\">Portal ContNews<\/a><\/p><\/blockquote>\n<p id=\"\">\u200d<\/p>\n<h2 id=\"\">Conecta Day<\/h2>\n<h3 id=\"\"><strong id=\"\">Destaques do Conecta Day em Ribeir\u00e3o Preto<\/strong><\/h3>\n<p id=\"\">Com palestras e workshops para empres\u00e1rios e profissionais cont\u00e1beis, ocorreu no \u00faltimo dia 21 mais uma edi\u00e7\u00e3o do evento itinerante Conecta Day, em Ribeir\u00e3o Preto (SP), com estrat\u00e9gias inovadoras apresentadas pelos palestrantes, focadas em crescimento.&nbsp;<strong id=\"\">\u200d<\/strong><\/p>\n<blockquote id=\"\"><p><strong id=\"\">Leia mais: <\/strong><a href=\"https:\/\/www.contabeis.com.br\/noticias\/52346\/conecta-day-confira-os-destaques-do-evento-itinerante-em-ribeirao-preto\/\" id=\"\" target=\"_blank\" rel=\"noopener\"><strong id=\"\">Portal Cont\u00e1beis<br \/><\/strong><\/a><\/p><\/blockquote>\n<p id=\"\">\u200d<\/p>\n","protected":false},"excerpt":{"rendered":"<p>Confira os principais releases da Omie na imprensa na primeira semana de agosto.<\/p>\n","protected":false},"author":10,"featured_media":8129,"comment_status":"open","ping_status":"open","sticky":false,"template":"","format":"standard","meta":{"footnotes":""},"categories":[406],"tags":[],"class_list":["post-8128","post","type-post","status-publish","format-standard","has-post-thumbnail","hentry","category-imprensa"],"_links":{"self":[{"href":"https:\/\/www.omie.com.br\/blog\/wp-json\/wp\/v2\/posts\/8128","targetHints":{"allow":["GET"]}}],"collection":[{"href":"https:\/\/www.omie.com.br\/blog\/wp-json\/wp\/v2\/posts"}],"about":[{"href":"https:\/\/www.omie.com.br\/blog\/wp-json\/wp\/v2\/types\/post"}],"author":[{"embeddable":true,"href":"https:\/\/www.omie.com.br\/blog\/wp-json\/wp\/v2\/users\/10"}],"replies":[{"embeddable":true,"href":"https:\/\/www.omie.com.br\/blog\/wp-json\/wp\/v2\/comments?post=8128"}],"version-history":[{"count":0,"href":"https:\/\/www.omie.com.br\/blog\/wp-json\/wp\/v2\/posts\/8128\/revisions"}],"wp:featuredmedia":[{"embeddable":true,"href":"https:\/\/www.omie.com.br\/blog\/wp-json\/wp\/v2\/media\/8129"}],"wp:attachment":[{"href":"https:\/\/www.omie.com.br\/blog\/wp-json\/wp\/v2\/media?parent=8128"}],"wp:term":[{"taxonomy":"category","embeddable":true,"href":"https:\/\/www.omie.com.br\/blog\/wp-json\/wp\/v2\/categories?post=8128"},{"taxonomy":"post_tag","embeddable":true,"href":"https:\/\/www.omie.com.br\/blog\/wp-json\/wp\/v2\/tags?post=8128"}],"curies":[{"name":"wp","href":"https:\/\/api.w.org\/{rel}","templated":true}]}}