{"id":8130,"date":"2022-08-22T12:28:00","date_gmt":"2022-08-22T15:28:00","guid":{"rendered":"https:\/\/www.omie.com.br\/blog\/?p=8130"},"modified":"2023-02-13T15:41:55","modified_gmt":"2023-02-13T18:41:55","slug":"omie-na-imprensa-veja-os-destaques-dessa-semana-6","status":"publish","type":"post","link":"https:\/\/www.omie.com.br\/blog\/omie-na-imprensa-veja-os-destaques-dessa-semana-6\/","title":{"rendered":"Omie na Imprensa: veja os destaques dessa semana!"},"content":{"rendered":"<h2 id=\"\">Institucional<\/h2>\n<h3 id=\"\"><strong id=\"\">Omie marca presen\u00e7a no evento de contabilidade \u201cPonto da Virada\u201d<\/strong><\/h3>\n<p id=\"\">Para fomentar seu avan\u00e7o no setor cont\u00e1bil, entre os dias 11 e 12 de agosto, a Omie marcou presen\u00e7a no evento \u201cGest\u00e3o Cont\u00e1bil \u2013 O Ponto de Virada\u201d, uma feira voltada para empres\u00e1rios e profissionais de contabilidade, em S\u00e3o Paulo (SP).<strong id=\"\">\u200d<\/strong><\/p>\n<blockquote id=\"\"><p><strong id=\"\">Leia mais:<\/strong> <a href=\"https:\/\/www.portalcontnews.com.br\/omie-aborda-gestao-e-contabilidade-digital-no-evento-ponto-de-virada\/\" id=\"\" target=\"_blank\" rel=\"noopener\">Portal ContNews&nbsp;<\/a><\/p><\/blockquote>\n<p id=\"\">\u200d<\/p>\n<h3 id=\"\"><strong id=\"\">Startup Summit: \u201cA for\u00e7a de mudan\u00e7a do pa\u00eds est\u00e1 no empreendedor\u201d, diz Omie<\/strong><\/h3>\n<p id=\"\">No dia 5\/08, Marcelo Lombardo, CEO e cofundador da Omie, participou de uma plen\u00e1ria para falar sobre empreendedorismo e a \u201cera dos decac\u00f3rnios\u201d, junto de Monica Hauck, fundadora e presidente da S\u00f3lides, e Gustavo Brigatto, editor-chefe do Startups.com.br. O encontro ocorreu durante a programa\u00e7\u00e3o do Startup Summit, evento do Sebrae em Florian\u00f3polis (SC), que reuniu diversos representantes de empresas de destaque no Pa\u00eds.<strong id=\"\">\u200d<\/strong><\/p>\n<blockquote id=\"\"><p><strong id=\"\">Leia mais:<\/strong> <a href=\"https:\/\/startups.com.br\/startup-summit\/startup-summit-a-forca-de-mudanca-do-pais-esta-no-empreendedor-diz-omie\/\" id=\"\" target=\"_blank\" rel=\"noopener\">Startups.com.br<\/a><\/p><\/blockquote>\n<p id=\"\">\u200d<\/p>\n<h3 id=\"\"><strong id=\"\">Omie apresenta novidades para seu crescimento<\/strong><\/h3>\n<p id=\"\">Ap\u00f3s alcan\u00e7ar a marca de 100 mil clientes, Omie apresenta suas estrat\u00e9gias para chegar ao marco de 1 milh\u00e3o de clientes at\u00e9 2025.<strong id=\"\">\u200d<\/strong><\/p>\n<blockquote id=\"\"><p><strong id=\"\">Leia mais:<\/strong> <a href=\"https:\/\/startupi.com.br\/omie-chega-a-100-mil-clientes\/\" id=\"\" target=\"_blank\" rel=\"noopener\">Startupi<\/a><\/p><\/blockquote>\n<p id=\"\">\u200d<\/p>\n<h2 id=\"\">Franquias<\/h2>\n<h3 id=\"\"><strong id=\"\">Franquias acess\u00edveis para empreender em 2022<\/strong><\/h3>\n<p id=\"\">A Omie foi citada entre os maiores nomes de franquias acess\u00edveis para se investir ainda em 2022, pelo portal da Exame, com sua op\u00e7\u00e3o de microfranquias. A modalidade pede investimento inicial de R$14 mil e gera faturamento m\u00e9dio anual de R$180 mil, al\u00e9m do retorno financeiro em at\u00e9 seis meses.<strong id=\"\">\u200d<\/strong><\/p>\n<blockquote id=\"\"><p><strong id=\"\">Leia mais:<\/strong> <a href=\"https:\/\/exame.com\/negocios\/65-franquias-baratas-para-empreender\/\" target=\"_blank\" rel=\"noopener\">Exame<\/a><\/p><\/blockquote>\n<p id=\"\">\u200d<\/p>\n<h3 id=\"\"><strong id=\"\">De executivo \u00e0 franqueado de sucesso<\/strong><\/h3>\n<p id=\"\">Cl\u00e1udio Miano, franqueado Omie, contou sobre sua trajet\u00f3ria de executivo de tecnologia \u00e0 franqueado de sucesso em um bate-papo ao vivo organizado pelo Portal do Franchising, da ABF.<\/p>\n<blockquote id=\"\"><p><strong id=\"\">Leia mais:<\/strong> <a href=\"https:\/\/www.portaldofranchising.com.br\/videos-do-franchising\/franqueado-de-sucesso\/\" id=\"\" target=\"_blank\" rel=\"noopener\">Portal do Franchising<\/a><\/p><\/blockquote>\n<p id=\"\">\u200d<\/p>\n<h2 id=\"\">Omie.Academy<\/h2>\n<h3 id=\"\"><strong id=\"\">Quebrei e agora?<\/strong><\/h3>\n<p id=\"\">A Omie.Academy, pilar educacional da Omie, preparou um curso para auxiliar empres\u00e1rios nos desafios que podem ser encontrados ao iniciar suas jornadas empreendedoras.<strong id=\"\">\u200d<\/strong><\/p>\n<blockquote id=\"\"><p><strong id=\"\">Leia Mais:<\/strong><a href=\"https:\/\/startupi.com.br\/omie-curso-falencia\/\" id=\"\" target=\"_blank\" rel=\"noopener\">Startupi<\/a><\/p><\/blockquote>\n","protected":false},"excerpt":{"rendered":"<p>Confira os principais releases da Omie na imprensa na quarta semana de agosto.<\/p>\n","protected":false},"author":10,"featured_media":8131,"comment_status":"open","ping_status":"open","sticky":false,"template":"","format":"standard","meta":{"footnotes":""},"categories":[406],"tags":[],"class_list":["post-8130","post","type-post","status-publish","format-standard","has-post-thumbnail","hentry","category-imprensa"],"_links":{"self":[{"href":"https:\/\/www.omie.com.br\/blog\/wp-json\/wp\/v2\/posts\/8130","targetHints":{"allow":["GET"]}}],"collection":[{"href":"https:\/\/www.omie.com.br\/blog\/wp-json\/wp\/v2\/posts"}],"about":[{"href":"https:\/\/www.omie.com.br\/blog\/wp-json\/wp\/v2\/types\/post"}],"author":[{"embeddable":true,"href":"https:\/\/www.omie.com.br\/blog\/wp-json\/wp\/v2\/users\/10"}],"replies":[{"embeddable":true,"href":"https:\/\/www.omie.com.br\/blog\/wp-json\/wp\/v2\/comments?post=8130"}],"version-history":[{"count":0,"href":"https:\/\/www.omie.com.br\/blog\/wp-json\/wp\/v2\/posts\/8130\/revisions"}],"wp:featuredmedia":[{"embeddable":true,"href":"https:\/\/www.omie.com.br\/blog\/wp-json\/wp\/v2\/media\/8131"}],"wp:attachment":[{"href":"https:\/\/www.omie.com.br\/blog\/wp-json\/wp\/v2\/media?parent=8130"}],"wp:term":[{"taxonomy":"category","embeddable":true,"href":"https:\/\/www.omie.com.br\/blog\/wp-json\/wp\/v2\/categories?post=8130"},{"taxonomy":"post_tag","embeddable":true,"href":"https:\/\/www.omie.com.br\/blog\/wp-json\/wp\/v2\/tags?post=8130"}],"curies":[{"name":"wp","href":"https:\/\/api.w.org\/{rel}","templated":true}]}}