{"id":8132,"date":"2022-09-05T14:56:00","date_gmt":"2022-09-05T17:56:00","guid":{"rendered":"https:\/\/www.omie.com.br\/blog\/?p=8132"},"modified":"2023-02-13T15:41:48","modified_gmt":"2023-02-13T18:41:48","slug":"omie-na-imprensa-veja-os-destaques-dessa-semana-7","status":"publish","type":"post","link":"https:\/\/www.omie.com.br\/blog\/omie-na-imprensa-veja-os-destaques-dessa-semana-7\/","title":{"rendered":"Omie na Imprensa: veja os destaques dessa semana!"},"content":{"rendered":"<h2 id=\"\">IODE-PMES<\/h2>\n<p id=\"\"><strong id=\"\">Faturamento de PMES desacelera em julho de 2022<\/strong><br \/>Segundo o \u00cdndice Omie de Desempenho Econ\u00f4mico das PMEs (IODE-PMEs), a movimenta\u00e7\u00e3o financeira real das pequenas e m\u00e9dias empresas apresentou pequena expans\u00e3o (0,7%) em julho de 2022, se comparado ao mesmo per\u00edodo do ano passado.<\/p>\n<blockquote id=\"\"><p><strong id=\"\">Leia mais: <\/strong><a href=\"https:\/\/exame.com\/negocios\/faturamento-de-pequenas-e-medias-empresas-perde-folego-em-julho-mostra-iode-pmes\/\" id=\"\" target=\"_blank\" rel=\"noopener\"><strong id=\"\">Exame<\/strong><\/a><strong id=\"\"> | <\/strong><a href=\"https:\/\/drive.google.com\/file\/d\/1mN_KjAOpFWa2qEP3vGr-2PIaL1HiU_Ja\/view?usp=sharing\" id=\"\" target=\"_blank\" rel=\"noopener\"><strong id=\"\">Folha de S. Paulo<\/strong><\/a><\/p><\/blockquote>\n<p id=\"\">\u200d<\/p>\n<p id=\"\"><strong id=\"\">IODE-PMEs especial sobre Dia dos Pais<\/strong><\/p>\n<p id=\"\">O IODE-PMES apurou que a m\u00e9dia di\u00e1ria da movimenta\u00e7\u00e3o financeira real no pequeno e m\u00e9dio varejo cresceu 30,5% em agosto de 2022, comparado ao m\u00eas anterior. Essa movimenta\u00e7\u00e3o se explica pela proximidade do feriado de Dia dos Pais.<\/p>\n<blockquote id=\"\"><p><strong id=\"\">Leia mais: <\/strong><a href=\"https:\/\/drive.google.com\/file\/d\/1X_jpmlKUyMtHNl431x_5FekgcrHBS68x\/view?usp=sharing\" id=\"\" target=\"_blank\" rel=\"noopener\"><strong id=\"\">O Estado de S. Paulo<\/strong><\/a><\/p><\/blockquote>\n<p id=\"\">\u200d<\/p>\n<h2 id=\"\">Contrata\u00e7\u00f5es<\/h2>\n<h4 id=\"\"><strong id=\"\">Nova contrata\u00e7\u00e3o: Felipe Ribeiro, diretor de Marketing<\/strong><\/h4>\n<p id=\"\">Como novo l\u00edder de Marketing, Felipe Ribeiro fica agora respons\u00e1vel pelos times de branding, eventos, comunica\u00e7\u00e3o e trade marketing da Omie.&nbsp;<\/p>\n<blockquote id=\"\"><p><strong id=\"\">Leia Mais: <\/strong><a href=\"http:\/\/www.broadcast.com.br\/cadernos\/financeiro\/?id=bWIvb2JlaW10NzNkUkNTekhjYUZKdz09\" id=\"\" target=\"_blank\" rel=\"noopener\"><strong id=\"\">Estad\u00e3o<\/strong><\/a><strong id=\"\"> | <\/strong><a href=\"https:\/\/startups.com.br\/danca-das-cadeiras\/danca-das-cadeiras-omie-anuncia-felipe-ribeiro-como-novo-diretor-de-marketing\/\" id=\"\" target=\"_blank\" rel=\"noopener\"><strong id=\"\">Startups.com.br<\/strong><\/a><\/p><\/blockquote>\n<p id=\"\">\u200d<\/p>\n<p id=\"\"><strong id=\"\">Omie anuncia vagas afirmativas<\/strong><\/p>\n<p id=\"\">De vagas para est\u00e1gios \u00e0s vagas efetivas, Omie lan\u00e7a novas oportunidades afirmativas direcionadas ao p\u00fablico PCD e pessoas negras de modo a fomentar ainda mais a inclus\u00e3o e diversidade da empresa.&nbsp;<\/p>\n<blockquote id=\"\"><p><strong id=\"\">Leia mais:<\/strong> <a href=\"https:\/\/inforchannel.com.br\/2022\/08\/25\/omie-anuncia-vagas-para-pcds-e-pessoas-negras\/\" id=\"\" target=\"_blank\" rel=\"noopener\"><strong id=\"\">Infor Channel<\/strong><\/a><\/p><\/blockquote>\n<p id=\"\">\u200d<\/p>\n<h2 id=\"\">Transforma\u00e7\u00e3o digital<\/h2>\n<h4 id=\"\"><strong id=\"\">Tecnologia para impulsionar neg\u00f3cios<\/strong><\/h4>\n<p id=\"\">Controle otimizado de estoque, PDV com emiss\u00e3o de cupom fiscal e gest\u00e3o integrada de vendas s\u00e3o alguns recursos implementados por ERPs como a Omie na jornada at\u00e9 o consumidor final. Gabriel Siqueira, Diretor de Tech Ventures da Omie, comenta sobre como a tecnologia pode ajudar na moderniza\u00e7\u00e3o e automatiza\u00e7\u00e3o de processos.<\/p>\n<blockquote id=\"\"><p><strong id=\"\">Leia mais:<\/strong> <a href=\"https:\/\/startupi.com.br\/comerciantes-brasileiros-tecnologia\/\" id=\"\" target=\"_blank\" rel=\"noopener\"><strong id=\"\">Startupi<\/strong><\/a><\/p><\/blockquote>\n<p id=\"\">\u200d<\/p>\n<h2 id=\"\">Eventos<\/h2>\n<p id=\"\"><strong id=\"\">Podcast &#8211; Startup Summit 2022: Omie, S\u00f3lides e a era dos decac\u00f3rnios.<\/strong><\/p>\n<p id=\"\">Confira como foi a participa\u00e7\u00e3o de Marcelo Lombardo, CEO e cofundador da Omie, durante a plen\u00e1ria \u201cOmie, S\u00f3lides e a era dos decac\u00f3rnios\u201d, dentro da programa\u00e7\u00e3o do Startup Summit 2022, em Florian\u00f3polis (SC). O executivo falou sobre empreendedorismo, mercado de investimentos e a trajet\u00f3ria de sucesso da Omie.<\/p>\n<blockquote id=\"\"><p><strong id=\"\">Ou\u00e7a: <\/strong><a href=\"https:\/\/open.spotify.com\/episode\/5HHsQy3MnPidf1UM5n0CoF\" id=\"\" target=\"_blank\" rel=\"noopener\"><strong id=\"\">Spotify<\/strong><\/a><\/p><\/blockquote>\n<p id=\"\">\u200d<\/p>\n<h2 id=\"\">Omie.Academy<\/h2>\n<p id=\"\">\u200d<strong id=\"\">Cursos de marketing para fazer em casa<\/strong><\/p>\n<p id=\"\">Pensando em quem quer especializar-se de forma gratuita e com certificado no setor de Marketing, o portal Metr\u00f3poles divulgou uma lista de cinco cursos online relacionados ao tema, oferecidos pela Omie.Academy, pilar educacional da Omie.<\/p>\n<blockquote id=\"\"><p><strong id=\"\">Leia mais: <\/strong><a href=\"https:\/\/www.metropoles.com\/colunas\/m-buzz\/5-cursos-gratuitos-e-on-line-sobre-marketing-para-fazer-em-casa?amp\" id=\"\" target=\"_blank\" rel=\"noopener\"><strong id=\"\">Metr\u00f3poles<\/strong><\/a><\/p><\/blockquote>\n<p id=\"\">\u200d<\/p>\n<h2 id=\"\">Linker<\/h2>\n<p id=\"\"><strong id=\"\">Linker: Atraindo PMEs<\/strong><\/p>\n<p id=\"\">O banco digital Linker, empresa adquirida pela Omie em 2021, anunciou uma grande novidade para o mercado: tr\u00eas planos de assinatura para suas contas digitais, em uma estrat\u00e9gia para atrair novos clientes, dentro do conceito do Open Finance.<\/p>\n<blockquote id=\"\"><p><strong id=\"\">Leia mais: <\/strong><a href=\"https:\/\/neofeed.com.br\/blog\/home\/linker-aposta-em-conta-digital-ao-estilo-da-netflix-para-atrair-pmes\/\" id=\"\" target=\"_blank\" rel=\"noopener\"><strong id=\"\">NeoFeed<\/strong><\/a><strong id=\"\"> | <\/strong><a href=\"https:\/\/www.portalcontnews.com.br\/para-criar-novos-servicos-trouxemos-os-contadores-para-dentro-do-banco-diz-ceo-do-banco-linker\/\" id=\"\" target=\"_blank\" rel=\"noopener\"><strong id=\"\">Portal ContNews<\/strong><\/a><\/p><\/blockquote>\n","protected":false},"excerpt":{"rendered":"<p>Confira os principais releases da Omie na imprensa na quarta semana de agosto.<\/p>\n","protected":false},"author":10,"featured_media":8133,"comment_status":"open","ping_status":"open","sticky":false,"template":"","format":"standard","meta":{"footnotes":""},"categories":[406],"tags":[],"class_list":["post-8132","post","type-post","status-publish","format-standard","has-post-thumbnail","hentry","category-imprensa"],"_links":{"self":[{"href":"https:\/\/www.omie.com.br\/blog\/wp-json\/wp\/v2\/posts\/8132","targetHints":{"allow":["GET"]}}],"collection":[{"href":"https:\/\/www.omie.com.br\/blog\/wp-json\/wp\/v2\/posts"}],"about":[{"href":"https:\/\/www.omie.com.br\/blog\/wp-json\/wp\/v2\/types\/post"}],"author":[{"embeddable":true,"href":"https:\/\/www.omie.com.br\/blog\/wp-json\/wp\/v2\/users\/10"}],"replies":[{"embeddable":true,"href":"https:\/\/www.omie.com.br\/blog\/wp-json\/wp\/v2\/comments?post=8132"}],"version-history":[{"count":0,"href":"https:\/\/www.omie.com.br\/blog\/wp-json\/wp\/v2\/posts\/8132\/revisions"}],"wp:featuredmedia":[{"embeddable":true,"href":"https:\/\/www.omie.com.br\/blog\/wp-json\/wp\/v2\/media\/8133"}],"wp:attachment":[{"href":"https:\/\/www.omie.com.br\/blog\/wp-json\/wp\/v2\/media?parent=8132"}],"wp:term":[{"taxonomy":"category","embeddable":true,"href":"https:\/\/www.omie.com.br\/blog\/wp-json\/wp\/v2\/categories?post=8132"},{"taxonomy":"post_tag","embeddable":true,"href":"https:\/\/www.omie.com.br\/blog\/wp-json\/wp\/v2\/tags?post=8132"}],"curies":[{"name":"wp","href":"https:\/\/api.w.org\/{rel}","templated":true}]}}