{"id":8134,"date":"2022-09-19T18:46:00","date_gmt":"2022-09-19T21:46:00","guid":{"rendered":"https:\/\/www.omie.com.br\/blog\/?p=8134"},"modified":"2024-06-17T18:12:07","modified_gmt":"2024-06-17T21:12:07","slug":"omie-na-imprensa-veja-os-destaques-dessa-semana-8","status":"publish","type":"post","link":"https:\/\/www.omie.com.br\/blog\/omie-na-imprensa-veja-os-destaques-dessa-semana-8\/","title":{"rendered":"Omie na Imprensa: veja os destaques dessa semana!"},"content":{"rendered":"<p id=\"\"><strong id=\"\">Entrevista &#8211; Franquias t\u00eam mais mulheres na lideran\u00e7a<\/strong><\/p>\n<p id=\"\">Em entrevista para o Valor Econ\u00f4mico, Aurora Suh, CRO da Omie, fala sobre a import\u00e2ncia de se investir em diversidade e igualdade em mercados como o de Franchising, pensando at\u00e9 mesmo na melhoria dos neg\u00f3cios gra\u00e7as a uma representa\u00e7\u00e3o mais real da sociedade como um todo.<\/p>\n<blockquote id=\"\"><p><strong id=\"\">Leia mais: Valor Econ\u00f4mico (<\/strong><a href=\"https:\/\/valor.globo.com\/empresas\/esg\/noticia\/2022\/09\/09\/redes-de-franquias-aumentam-presenca-de-mulheres-na-lideranca.ghtml\" target=\"_blank\" rel=\"noopener\"><strong id=\"\">online<\/strong><\/a><strong id=\"\"> e <\/strong><a href=\"https:\/\/drive.google.com\/file\/d\/1XA67b7u5OyAYH_66nFYi8tpTzJukQhNS\/view\" target=\"_blank\" rel=\"noopener\"><strong id=\"\">impresso<\/strong><\/a><strong id=\"\">) | O Globo (<\/strong><a href=\"https:\/\/oglobo.globo.com\/economia\/esg\/noticia\/2022\/09\/mulheres-avancam-no-comando-das-franquias-inovando-na-gestao.ghtml\" target=\"_blank\" rel=\"noopener\"><strong id=\"\">online<\/strong><\/a><strong id=\"\"> e <\/strong><a href=\"https:\/\/drive.google.com\/file\/d\/15GlwNdUyWsB-Asa0oilIiyj1oDuHRmdx\/view?usp=sharing\" target=\"_blank\" rel=\"noopener\"><strong id=\"\">impresso<\/strong><\/a><strong id=\"\">)<\/strong><\/p><\/blockquote>\n<p id=\"\">\u200d<\/p>\n<h2 id=\"\">Educa\u00e7\u00e3o<\/h2>\n<p id=\"\"><strong id=\"\">Cursos gratuitos para desenvolver Soft Skills\u00a0<\/strong><\/p>\n<p id=\"\">A Omie.academy, plataforma educacional da Omie, separou uma lista de cursos online, gratuitos e com certificado para quem busca desenvolver soft skills (habilidades comportamentais), tema que ganha cada vez mais import\u00e2ncia no mundo corporativo.<\/p>\n<blockquote id=\"\"><p><strong id=\"\">Leia Mais:<\/strong> <a href=\"https:\/\/www.metroworldnews.com.br\/foco\/2022\/09\/10\/6-cursos-para-quem-quer-desenvolver-soft-skills\/\" target=\"_blank\" rel=\"noopener\"><strong id=\"\">Portal Metro<\/strong><\/a><\/p><\/blockquote>\n<p id=\"\">\u200d<\/p>\n<p id=\"\"><strong id=\"\">Omie.Academy oferece curso sobre estrat\u00e9gias de posicionamento na rede social<\/strong><\/p>\n<p id=\"\">Pensando na import\u00e2ncia da boa apresenta\u00e7\u00e3o de um candidato ao mercado de trabalho, a Omie.Academy preparou um curso online e gratuito com dicas para cria\u00e7\u00e3o de perfil profissional na rede social LinkedIn.<\/p>\n<blockquote id=\"\"><p><strong id=\"\">Leia mais: <\/strong><a href=\"https:\/\/www.metropoles.com\/colunas\/m-buzz\/plataforma-da-dicas-de-como-criar-um-perfil-no-linkedin-e-bombar\" target=\"_blank\" rel=\"noopener\"><strong id=\"\">Metr\u00f3poles<\/strong><\/a><\/p><\/blockquote>\n<h2 id=\"\">\nTransforma\u00e7\u00e3o digital<\/h2>\n<p id=\"\"><strong id=\"\">Como ERPs podem ajudar na rotina do contador e de sua equipe<\/strong><\/p>\n<p id=\"\">Cristiane Andrade, diretora de Relacionamento com Contadores da Omie, compartilha suas dicas sobre como tecnologias como o ERP podem ajudar na rotina dos contadores e de suas equipes.<\/p>\n<blockquote id=\"\"><p><strong id=\"\">Leia mais: <\/strong><a href=\"https:\/\/www.contabeis.com.br\/noticias\/52964\/saiba-como-erps-podem-melhorar-o-lucro-e-a-experiencia-da-equipe\/\" target=\"_blank\" rel=\"noopener\"><strong id=\"\">Portal Cont\u00e1beis<\/strong><\/a><\/p><\/blockquote>\n<p id=\"\">\u200d<\/p>\n<h2 id=\"\">Eventos<\/h2>\n<p id=\"\"><strong id=\"\">Entrevista &#8211; Startup Summit 2022: Omie, S\u00f3lides e a era dos decac\u00f3rnios.<\/strong><\/p>\n<p id=\"\">Marcelo Lombardo, CEO e cofundador da Omie, conversou com o programa Tech SC, ap\u00f3s participar da plen\u00e1ria \u201cOmie, S\u00f3lides e a era dos decac\u00f3rnios\u201d, no Startup Summit 2022, em Florian\u00f3polis (SC).<\/p>\n<blockquote id=\"\"><p><strong id=\"\">Veja aqui: <\/strong><a href=\"https:\/\/globoplay.globo.com\/v\/10866038\/?s=0s\" target=\"_blank\" rel=\"noopener\"><strong id=\"\">Globoplay<\/strong><\/a><\/p><\/blockquote>\n","protected":false},"excerpt":{"rendered":"<p>Confira os principais releases da Omie na imprensa na primeira semana de setembro<\/p>\n","protected":false},"author":10,"featured_media":8135,"comment_status":"closed","ping_status":"closed","sticky":false,"template":"","format":"standard","meta":{"footnotes":""},"categories":[406],"tags":[],"class_list":["post-8134","post","type-post","status-publish","format-standard","has-post-thumbnail","hentry","category-imprensa"],"_links":{"self":[{"href":"https:\/\/www.omie.com.br\/blog\/wp-json\/wp\/v2\/posts\/8134","targetHints":{"allow":["GET"]}}],"collection":[{"href":"https:\/\/www.omie.com.br\/blog\/wp-json\/wp\/v2\/posts"}],"about":[{"href":"https:\/\/www.omie.com.br\/blog\/wp-json\/wp\/v2\/types\/post"}],"author":[{"embeddable":true,"href":"https:\/\/www.omie.com.br\/blog\/wp-json\/wp\/v2\/users\/10"}],"replies":[{"embeddable":true,"href":"https:\/\/www.omie.com.br\/blog\/wp-json\/wp\/v2\/comments?post=8134"}],"version-history":[{"count":1,"href":"https:\/\/www.omie.com.br\/blog\/wp-json\/wp\/v2\/posts\/8134\/revisions"}],"predecessor-version":[{"id":19023,"href":"https:\/\/www.omie.com.br\/blog\/wp-json\/wp\/v2\/posts\/8134\/revisions\/19023"}],"wp:featuredmedia":[{"embeddable":true,"href":"https:\/\/www.omie.com.br\/blog\/wp-json\/wp\/v2\/media\/8135"}],"wp:attachment":[{"href":"https:\/\/www.omie.com.br\/blog\/wp-json\/wp\/v2\/media?parent=8134"}],"wp:term":[{"taxonomy":"category","embeddable":true,"href":"https:\/\/www.omie.com.br\/blog\/wp-json\/wp\/v2\/categories?post=8134"},{"taxonomy":"post_tag","embeddable":true,"href":"https:\/\/www.omie.com.br\/blog\/wp-json\/wp\/v2\/tags?post=8134"}],"curies":[{"name":"wp","href":"https:\/\/api.w.org\/{rel}","templated":true}]}}