{"id":8136,"date":"2022-10-03T21:10:00","date_gmt":"2022-10-04T00:10:00","guid":{"rendered":"https:\/\/www.omie.com.br\/blog\/?p=8136"},"modified":"2024-06-17T18:08:58","modified_gmt":"2024-06-17T21:08:58","slug":"omie-na-imprensa-veja-os-destaques-dessa-semana-9","status":"publish","type":"post","link":"https:\/\/www.omie.com.br\/blog\/omie-na-imprensa-veja-os-destaques-dessa-semana-9\/","title":{"rendered":"Omie na Imprensa: veja os destaques dessa semana!"},"content":{"rendered":"<h2 id=\"\">Artigo &#8211; Aurora<\/h2>\n<p id=\"\"><strong id=\"\">Como transformar uma empresa em uma m\u00e1quina de vendas<\/strong><\/p>\n<p id=\"\">Em sua coluna mensal no Portal Customer, Aurora Suh, CRO da Omie refor\u00e7a a necessidade das \u00e1reas de uma empresa estarem conectadas para funcionarem perfeitamente.<\/p>\n<blockquote id=\"\"><p><strong id=\"\">Leia mais: <\/strong><a id=\"\" href=\"https:\/\/portalcustomer.com.br\/como-transformar-uma-empresa-em-uma-maquina-de-vendas\/\" target=\"_blank\" rel=\"noopener\"><strong id=\"\">Portal Costumer<\/strong><\/a><\/p><\/blockquote>\n<h2 id=\"\">\nInstitucional<\/h2>\n<p id=\"\"><strong id=\"\">OneFlow conta estrat\u00e9gia para atrair novos clientes<\/strong><\/p>\n<p id=\"\">Com planos para dobrar a base de contadores que utilizam o software, o OneFlow deixa de ser exclusivo para usu\u00e1rios do ERP Omie e passa a estar dispon\u00edvel a todos os usu\u00e1rios do setor, gerando produtividade aos profissionais cont\u00e1beis.<\/p>\n<blockquote id=\"\"><p><strong id=\"\">Leia mais: <\/strong><a id=\"\" href=\"https:\/\/www.terra.com.br\/economia\/dinheiro-em-dia\/meu-negocio\/oneflow-deixa-de-ser-exclusivo-do-erp-omie-para-atender-contadores,844ca1f7c1ff73cf9538db3b11adff9e0ewzbrb4.html\" target=\"_blank\" rel=\"noopener\"><strong id=\"\">Terra<\/strong><\/a><strong id=\"\"> | <\/strong><a id=\"\" href=\"https:\/\/startups.com.br\/noticias\/oneflow-deixa-de-ser-exclusivo-do-erp-omie-para-atender-contadores\/\" target=\"_blank\" rel=\"noopener\"><strong id=\"\">Startups<\/strong><\/a><strong id=\"\"> | <\/strong><a id=\"\" href=\"https:\/\/startupi.com.br\/oneflow-amplia-atuacao-para-todo-mercado-contabil-para-otimizar-gestao-de-empresas\/\" target=\"_blank\" rel=\"noopener\"><strong id=\"\">Startupi<\/strong><\/a><\/p><\/blockquote>\n<h2 id=\"\">\n<strong id=\"\">Summit Cont\u00e1bil Omie 2022<\/strong><\/h2>\n<p id=\"\">No \u00faltimo dia 20, aconteceu a nona edi\u00e7\u00e3o do Summit Cont\u00e1bil, organizado pela scale-up Omie que apresentou diversos conte\u00fados e novidades para o mercado cont\u00e1bil, reunindo cerca de 250 contadores no Grand Hyatt em S\u00e3o Paulo.<\/p>\n<blockquote id=\"\"><p><strong id=\"\">Leia mais: <\/strong><a id=\"\" href=\"https:\/\/www.portalcontnews.com.br\/omie-promove-evento-para-contadores-parceiros-em-sao-paulo\/\" target=\"_blank\" rel=\"noopener\"><strong id=\"\">Portal ContNews<\/strong><\/a><strong id=\"\"> | <\/strong><a id=\"\" href=\"https:\/\/www.portalcontnews.com.br\/lancamentos-conteudo-e-networking-marcaram-o-summit-omie-encontro-com-250-contadores\/\" target=\"_blank\" rel=\"noopener\"><strong id=\"\">Portal ContNews<\/strong><\/a><\/p><\/blockquote>\n<p id=\"\">\u200d<\/p>\n<h2 id=\"\">IODE-PMES<\/h2>\n<p id=\"\"><strong id=\"\">Na contram\u00e3o da desacelera\u00e7\u00e3o, servi\u00e7os para empresas crescem 5% em 2022<\/strong><\/p>\n<p id=\"\">O setor de servi\u00e7os junto \u00e0s PMEs de atividades jur\u00eddicas, de contabilidade e de auditoria cresceram 5% na movimenta\u00e7\u00e3o financeira real, no acumulado do ano at\u00e9 agosto, segundo o \u00cdndice Omie de Desempenho Econ\u00f4mico das PMEs.<\/p>\n<blockquote id=\"\"><p><strong id=\"\">Leia mais: <\/strong><a id=\"\" href=\"https:\/\/exame.com\/negocios\/na-contramao-da-desaceleracao-servicos-para-empresas-crescem-5-em-2022\/\" target=\"_blank\" rel=\"noopener\"><strong id=\"\">Exame<\/strong><\/a><strong id=\"\"> | <\/strong><a id=\"\" href=\"https:\/\/www.contabeis.com.br\/noticias\/53102\/servicos-para-empresas-crescem-5-em-2022\/\" target=\"_blank\" rel=\"noopener\"><strong id=\"\">Cont\u00e1beis<\/strong><\/a><strong id=\"\">\u00a0\u00a0<\/strong><\/p><\/blockquote>\n<p id=\"\">\u200d<\/p>\n<h2 id=\"\">Franquias<\/h2>\n<p id=\"\"><strong id=\"\">Na rela\u00e7\u00e3o com cliente-empresa, franquias de servi\u00e7os ganham destaque<\/strong><\/p>\n<p id=\"\">A Associa\u00e7\u00e3o Brasileira de Franchising (ABF) indicou a Omie como uma das grandes franquias do setor de servi\u00e7os para investimento em lista disponibilizada no Portal Franchising.<\/p>\n<blockquote id=\"\"><p><strong id=\"\">Leia mais: <\/strong><a id=\"\" href=\"https:\/\/www.portaldofranchising.com.br\/franquias\/franquias-de-servicos-criam-oportunidades\/\" target=\"_blank\" rel=\"noopener\"><strong id=\"\">Portal Franchising<\/strong><\/a><\/p><\/blockquote>\n<p id=\"\">\u200d<\/p>\n<h2 id=\"\">RH<\/h2>\n<p id=\"\"><strong id=\"\">S\u00e9rie Especial: A Jornada do Colaborador<\/strong><\/p>\n<p id=\"\">O Chief Human Resource Officer (CHRO) da Omie, Luiz Felipe Massad foi convidado para falar sobre a jornada do colaborador, assunto que tem ganhado cada vez mais espa\u00e7o nas institui\u00e7\u00f5es<\/p>\n<blockquote id=\"\"><p><strong id=\"\">Leia mais:<\/strong><a id=\"\" href=\"https:\/\/portalcustomer.com.br\/serie-especial-a-jornada-do-colaborador-luiz-felipe-massad\/\" target=\"_blank\" rel=\"noopener\"><strong id=\"\"> Postal Costumer <\/strong><\/a><\/p><\/blockquote>\n<p id=\"\">\u200d<\/p>\n<h2 id=\"\">Transforma\u00e7\u00e3o digital<\/h2>\n<p id=\"\"><strong id=\"\">O futuro do ERP est\u00e1 na palma das m\u00e3os<\/strong><\/p>\n<p id=\"\">Marcelo Lombardo, CEO e cofundador da Omie, fala sobre a import\u00e2ncia do sistema de gest\u00e3o como uma ferramenta fortalecedora e necess\u00e1ria para o crescimento dos neg\u00f3cios.<\/p>\n<blockquote id=\"\"><p><strong id=\"\">Leia mais: <\/strong><a id=\"\" href=\"https:\/\/istoe.com.br\/o-futuro-do-erp-esta-na-palma-das-maos\/\" target=\"_blank\" rel=\"noopener\"><strong id=\"\">Isto \u00c9<\/strong><\/a><\/p><\/blockquote>\n<p id=\"\"><a id=\"\" href=\"https:\/\/istoe.com.br\/o-futuro-do-erp-esta-na-palma-das-maos\/\" target=\"_blank\" rel=\"noopener\"><strong id=\"\">\u200d<\/p>\n<p><\/strong><\/a><strong id=\"\">O que a contabilidade tem a celebrar<\/strong><\/p>\n<p id=\"\">No dia do contador, o Portal ContNews entrevistou alguns nomes importantes para a contabilidade. Entre os entrevistados, Cristiane Andrade, diretora de Relacionamento com Contadores da Omie apresenta pontos que a classe contabilista tem a comemorar e refor\u00e7a a import\u00e2ncia de se investir em tecnologias de gest\u00e3o e controle de tarefas.<\/p>\n<blockquote id=\"\"><p><strong id=\"\">Leia mais: <\/strong><a id=\"\" href=\"https:\/\/www.portalcontnews.com.br\/o-que-a-contabilidade-tem-a-celebrar\/\" target=\"_blank\" rel=\"noopener\"><strong id=\"\">Portal ContNews<\/strong><\/a><\/p><\/blockquote>\n","protected":false},"excerpt":{"rendered":"<p>Confira os principais releases da Omie na imprensa na quarta semana de setembro.<\/p>\n","protected":false},"author":10,"featured_media":8137,"comment_status":"closed","ping_status":"closed","sticky":false,"template":"","format":"standard","meta":{"footnotes":""},"categories":[406],"tags":[],"class_list":["post-8136","post","type-post","status-publish","format-standard","has-post-thumbnail","hentry","category-imprensa"],"_links":{"self":[{"href":"https:\/\/www.omie.com.br\/blog\/wp-json\/wp\/v2\/posts\/8136","targetHints":{"allow":["GET"]}}],"collection":[{"href":"https:\/\/www.omie.com.br\/blog\/wp-json\/wp\/v2\/posts"}],"about":[{"href":"https:\/\/www.omie.com.br\/blog\/wp-json\/wp\/v2\/types\/post"}],"author":[{"embeddable":true,"href":"https:\/\/www.omie.com.br\/blog\/wp-json\/wp\/v2\/users\/10"}],"replies":[{"embeddable":true,"href":"https:\/\/www.omie.com.br\/blog\/wp-json\/wp\/v2\/comments?post=8136"}],"version-history":[{"count":1,"href":"https:\/\/www.omie.com.br\/blog\/wp-json\/wp\/v2\/posts\/8136\/revisions"}],"predecessor-version":[{"id":19020,"href":"https:\/\/www.omie.com.br\/blog\/wp-json\/wp\/v2\/posts\/8136\/revisions\/19020"}],"wp:featuredmedia":[{"embeddable":true,"href":"https:\/\/www.omie.com.br\/blog\/wp-json\/wp\/v2\/media\/8137"}],"wp:attachment":[{"href":"https:\/\/www.omie.com.br\/blog\/wp-json\/wp\/v2\/media?parent=8136"}],"wp:term":[{"taxonomy":"category","embeddable":true,"href":"https:\/\/www.omie.com.br\/blog\/wp-json\/wp\/v2\/categories?post=8136"},{"taxonomy":"post_tag","embeddable":true,"href":"https:\/\/www.omie.com.br\/blog\/wp-json\/wp\/v2\/tags?post=8136"}],"curies":[{"name":"wp","href":"https:\/\/api.w.org\/{rel}","templated":true}]}}