{"id":8140,"date":"2022-05-31T12:00:00","date_gmt":"2022-05-31T15:00:00","guid":{"rendered":"https:\/\/www.omie.com.br\/blog\/?p=8140"},"modified":"2023-02-13T15:42:29","modified_gmt":"2023-02-13T18:42:29","slug":"omie-na-imprensa-veja-os-destaques-dessa-semana-mai-3","status":"publish","type":"post","link":"https:\/\/www.omie.com.br\/blog\/omie-na-imprensa-veja-os-destaques-dessa-semana-mai-3\/","title":{"rendered":"Omie na Imprensa: veja os destaques dessa semana!"},"content":{"rendered":"<h2>Solu\u00e7\u00f5es Omie<\/h2>\n<h3>\u200d<br \/><strong>Gerir sua empresa com sucesso<\/strong><\/h3>\n<p>Em parceria com a Isto\u00c9 e a Isto\u00c9 Dinheiro, dois dos principais ve\u00edculos de neg\u00f3cios do Brasil, a Omie compartilhou sua estrat\u00e9gia voltada para quem quer gerir sua empresa rumo a um futuro de sucesso, garantindo que os empreendedores tenham vis\u00e3o ampla do macroambiente para investir e planejar os pr\u00f3ximos passos com ajuda de uma parceria lan\u00e7ada com o Ita\u00fa, por meio do Ita\u00fa Meu Neg\u00f3cio Gest\u00e3o by Omie.<\/p>\n<blockquote><p><strong>Leia aqui:<\/strong> <a href=\"https:\/\/istoe.com.br\/gerir-sua-empresa-com-sucesso-o-que-falta-para-dar-o-proximo-passo\/\" target=\"_blank\" rel=\"noopener\">Isto\u00c9<\/a> | <a href=\"https:\/\/www.istoedinheiro.com.br\/gerir-sua-empresa-com-sucesso-o-que-falta-para-dar-o-proximo-passo\/\" target=\"_blank\" rel=\"noopener\">Isto\u00c9 Dinheiro<\/a><\/p><\/blockquote>\n<p>\u200d<\/p>\n<h3><strong>O ERP \u00e9 o novo internet banking<\/strong><\/h3>\n<p>Nesta mat\u00e9ria especial em parceria com a Voc\u00ea S\/A, a Omie conta os detalhes sobre como seu sistema de gerenciamento empresarial de servi\u00e7os integrados de gest\u00e3o e finan\u00e7as (ERP) atua de forma simples e intuitiva no dia a dia dos neg\u00f3cios, automatizando processos num \u00fanico lugar.<\/p>\n<blockquote><p><strong>Leia mais<\/strong>: <a href=\"https:\/\/vocesa.abril.com.br\/dinheiro\/o-erp-e-o-novo-internet-banking\/\" target=\"_blank\" rel=\"noopener\">O ERP \u00e9 o novo internet banking | VOC\u00ca S\/A<\/a><\/p><\/blockquote>\n<p>\u200d<\/p>\n<h2>Franquias<\/h2>\n<p>\u200d<\/p>\n<h3><strong>Franquias de tecnologia como oportunidade de neg\u00f3cio<\/strong><\/h3>\n<p>Com mais de 120 franquias espalhadas pelo pa\u00eds, a Omie segue com seu plano de expans\u00e3o, fomentando o empreendedorismo nos brasileiros que, segundo dados de 2021 do Sebrae, j\u00e1 somam mais de 3,9 milh\u00f5es de interessados em abrir sua pr\u00f3pria empresa.&nbsp;<\/p>\n<blockquote><p><strong>Leia mais: <\/strong><a href=\"https:\/\/veja.abril.com.br\/tecnologia\/franquias-comerciais-de-tecnologia-surgem-como-oportunidade-de-negocio\/\" target=\"_blank\" rel=\"noopener\">Franquias comerciais de tecnologia surgem como oportunidade de neg\u00f3cio | VEJA<\/a><\/p><\/blockquote>\n<p>\u200d<\/p>\n<h2>IODE-PMEs<\/h2>\n<p>\u200d<\/p>\n<h3><strong>Pequenas e m\u00e9dias empresas t\u00eam bons resultados em abril<\/strong><\/h3>\n<p>Segundo o \u00faltimo boletim do IODE-PMEs, a movimenta\u00e7\u00e3o financeira das pequenas e m\u00e9dias empresas do pa\u00eds teve crescimento de 10% em abril na compara\u00e7\u00e3o com o mesmo m\u00eas de 2021, dado que foi destaque na programa\u00e7\u00e3o da TV e no portal da CNN Brasil.<\/p>\n<blockquote><p><strong>Veja a mat\u00e9ria <\/strong><a href=\"https:\/\/extranet.cservice.io\/viewnews.html?newsId%3d22590755%26channelId%3d1934%26customerId%3dTZWiGDfKabSx4c9%2bFAVqtg%3d%3d%26newsletterId%3df07112ae-8957-448d-93fa-2a3fa7529f74\" target=\"_blank\" rel=\"noopener\"><strong>aqui<\/strong><\/a><strong> e <\/strong><a href=\"https:\/\/www.cnnbrasil.com.br\/business\/movimentacao-financeira-de-pequenas-e-medias-empresas-sobe-10-em-abril-diz-estudo\/\" target=\"_blank\" rel=\"noopener\"><strong>aqui<\/strong><\/a><\/p><\/blockquote>\n<p>\u200d<\/p>\n<h2>Startup Summit<\/h2>\n<p>\u200d<\/p>\n<h3><strong>CEO da Omie fala sobre trajet\u00f3ria, pr\u00f3ximos passos e o que esperar da sua palestra no Startup Summit<\/strong><\/h3>\n<p>Em entrevista para o portal Economia SC, Marcelo Lombardo, CEO e Cofundador da Omie fala sobre a hist\u00f3ria da Omie, estrat\u00e9gia de crescimento p\u00f3s-aportes, mercado de PMEs no Pa\u00eds, al\u00e9m de sua participa\u00e7\u00e3o no evento Startup Summit, encontro de inova\u00e7\u00e3o liderado pelo Sebrae, marcado para agosto, em Florian\u00f3polis (SC).<\/p>\n<blockquote><p><strong>Leia mais:<\/strong> <a href=\"https:\/\/economiasc.com\/2022\/05\/23\/ceo-da-omie-fala-sobre-trajetoria-proximos-passos-e-o-que-esperar-da-sua-palestra-no-startup-summit\/\" target=\"_blank\" rel=\"noopener\">Economia SC<\/a><\/p><\/blockquote>\n<p>\u200d<\/p>\n<h2>Conecta Day<\/h2>\n<h3><strong>Evento re\u00fane contadores para partilhar de novidades e estrat\u00e9gias<\/strong><\/h3>\n<p>Conecta Day, evento direcionado e em parceria com contadores, ter\u00e1 27 edi\u00e7\u00f5es passando por 12 estados com objetivo de levar conhecimento ao p\u00fablico cont\u00e1bil e ressaltar o grande valor destes profissionais para as empresas, fomentar parcerias e partilhar novidades e estrat\u00e9gias para os neg\u00f3cios.<\/p>\n<blockquote><p><strong>Leia mais:<\/strong> <a href=\"https:\/\/www.contabeis.com.br\/noticias\/51593\/omie-investe-em-parceria-com-contadores-e-cria-evento-itinerante-nacional\/\" target=\"_blank\" rel=\"noopener\">Omie investe em parceria com contadores e cria evento itinerante nacional (contabeis.com.br)<\/a><\/p><\/blockquote>\n<p>\u200d<\/p>\n","protected":false},"excerpt":{"rendered":"<p>Confira os principais releases da Omie na imprensa na \u00faltima semana de maio.<\/p>\n","protected":false},"author":10,"featured_media":8141,"comment_status":"open","ping_status":"open","sticky":false,"template":"","format":"standard","meta":{"footnotes":""},"categories":[406],"tags":[],"class_list":["post-8140","post","type-post","status-publish","format-standard","has-post-thumbnail","hentry","category-imprensa"],"_links":{"self":[{"href":"https:\/\/www.omie.com.br\/blog\/wp-json\/wp\/v2\/posts\/8140","targetHints":{"allow":["GET"]}}],"collection":[{"href":"https:\/\/www.omie.com.br\/blog\/wp-json\/wp\/v2\/posts"}],"about":[{"href":"https:\/\/www.omie.com.br\/blog\/wp-json\/wp\/v2\/types\/post"}],"author":[{"embeddable":true,"href":"https:\/\/www.omie.com.br\/blog\/wp-json\/wp\/v2\/users\/10"}],"replies":[{"embeddable":true,"href":"https:\/\/www.omie.com.br\/blog\/wp-json\/wp\/v2\/comments?post=8140"}],"version-history":[{"count":0,"href":"https:\/\/www.omie.com.br\/blog\/wp-json\/wp\/v2\/posts\/8140\/revisions"}],"wp:featuredmedia":[{"embeddable":true,"href":"https:\/\/www.omie.com.br\/blog\/wp-json\/wp\/v2\/media\/8141"}],"wp:attachment":[{"href":"https:\/\/www.omie.com.br\/blog\/wp-json\/wp\/v2\/media?parent=8140"}],"wp:term":[{"taxonomy":"category","embeddable":true,"href":"https:\/\/www.omie.com.br\/blog\/wp-json\/wp\/v2\/categories?post=8140"},{"taxonomy":"post_tag","embeddable":true,"href":"https:\/\/www.omie.com.br\/blog\/wp-json\/wp\/v2\/tags?post=8140"}],"curies":[{"name":"wp","href":"https:\/\/api.w.org\/{rel}","templated":true}]}}