{"id":9814,"date":"2023-02-27T11:23:57","date_gmt":"2023-02-27T14:23:57","guid":{"rendered":"https:\/\/www.omie.com.br\/blog\/?p=9814"},"modified":"2023-04-19T20:47:11","modified_gmt":"2023-04-19T23:47:11","slug":"omie-na-imprensa-veja-os-destaques-dessa-semana-17","status":"publish","type":"post","link":"https:\/\/www.omie.com.br\/blog\/omie-na-imprensa-veja-os-destaques-dessa-semana-17\/","title":{"rendered":"Omie na Imprensa: veja os destaques dessa semana!"},"content":{"rendered":"<h2><strong>Relat\u00f3rio Distrito<\/strong><\/h2>\n<h4>\u2018Unic\u00f3rnio\u2019 em 2023? Veja startups para ficar de olho neste ano<\/h4>\n<p><span style=\"font-weight: 400;\">Por mais um ano, a Omie aparece como um dos poss\u00edveis pr\u00f3ximos nomes de startups brasileiras que devem receber o status de \u201cunic\u00f3rnio\u201d &#8211; empresas em r\u00e1pida expans\u00e3o e avaliadas em US$1 bilh\u00e3o &#8211; segundo relat\u00f3rio da Distrito, mostrando seu forte crescimento e relev\u00e2ncia no mercado.<\/span><\/p>\n<blockquote><p><b>Leia mais: <\/b><a href=\"https:\/\/www.estadao.com.br\/link\/inovacao\/unicornio-em-2023-veja-startups-para-ficar-de-olho-neste-ano\/\" target=\"_blank\" rel=\"noopener\"><b>Estad\u00e3o<\/b><\/a><b> | <\/b><a href=\"https:\/\/exame.com\/negocios\/quais-serao-os-proximos-unicornios-de-2023-veja-lista\/\" target=\"_blank\" rel=\"noopener\"><b>Exame<\/b><\/a><\/p><\/blockquote>\n<h2><strong>RH<\/strong><\/h2>\n<h4><b>Fus\u00f5es e aquisi\u00e7\u00f5es: como o RH deve atuar em um processo de M&amp;A<\/b><\/h4>\n<p><span style=\"font-weight: 400;\">Luiz Felipe Massad, CHRO da Omie, e Ingrid Barth, fundadora da Linker, contam como foi o processo e os principais desafios pr\u00e1ticos e culturais na unifica\u00e7\u00e3o das empresas ap\u00f3s o M&amp;A anunciado em 2021.<\/span><\/p>\n<blockquote><p><b>Leia mais: <\/b><a href=\"https:\/\/www.cajuina.org\/post\/fusoes-e-aquisicoes-rh\" target=\"_blank\" rel=\"noopener\"><b>Portal Caju\u00edna<\/b><\/a><\/p><\/blockquote>\n<h2><strong>Seguran\u00e7a digital<\/strong><\/h2>\n<h4><b>Pix com mais seguran\u00e7a no com\u00e9rcio? Confira cinco dicas para usar hoje<\/b><\/h4>\n<p><span style=\"font-weight: 400;\">Ingrid Barth, COO e fundadora da Linker, compartilhou dicas de seguran\u00e7a relacionadas ao Pix, para ajudar empreendedores do com\u00e9rcio a estarem melhores preparados para enfrentar amea\u00e7as digitais e evitar golpes no dia a dia.<\/span><\/p>\n<blockquote><p><b>Leia mais: <\/b><a href=\"https:\/\/valorinveste.globo.com\/produtos\/servicos-financeiros\/noticia\/2023\/02\/10\/pix-com-mais-seguranca-no-comercio-confira-cinco-dicas-para-usar-hoje.ghtml\" target=\"_blank\" rel=\"noopener\"><b>Valor Investe<\/b><\/a><\/p><\/blockquote>\n<h2><strong>Contabilidade<\/strong><\/h2>\n<h4><b>Softwares cont\u00e1beis ajudam profissionais a superar desafios e impulsionar os neg\u00f3cios<\/b><\/h4>\n<p><span style=\"font-weight: 400;\">Confira dicas de como a tecnologia voltada para o mundo cont\u00e1bil pode ajudar na gest\u00e3o das empresas e na otimiza\u00e7\u00e3o da rotina desse setor e de seus clientes.<\/span><\/p>\n<blockquote><p><b>Leia mais: <\/b><a href=\"https:\/\/www.portalcontnews.com.br\/softwares-contabeis-ajudam-profissionais-a-superar-desafios-e-impulsionar-os-negocios\/\" target=\"_blank\" rel=\"noopener\"><b>ContNews<\/b><\/a><\/p><\/blockquote>\n<h4><b>Contabilidade Consultiva Ao Vivo: confira como foi o evento<\/b><\/h4>\n<p><span style=\"font-weight: 400;\">De 6 a 8\/02, ocorreu o evento Contabilidade Consultiva Ao Vivo 2023, em S\u00e3o Paulo, onde a Omie marcou presen\u00e7a como patrocinadora e expositora, al\u00e9m de uma palestra com o CEO e cofundador, Marcelo Lombardo, contando as novidades da empresa para o setor.<\/span><\/p>\n<blockquote><p><b>Leia mais: <\/b><a href=\"https:\/\/www.contabeis.com.br\/noticias\/54553\/ccav-confira-como-foi-o-segundo-dia-de-evento\/\" target=\"_blank\" rel=\"noopener\"><b>Portal Cont\u00e1beis<\/b><\/a><\/p><\/blockquote>\n<h2><strong>Marketing<\/strong><\/h2>\n<h4><b>O que \u00e9 Persona e porque voc\u00ea precisa montar uma para encontrar clientes com mais facilidade<\/b><\/h4>\n<p><span style=\"font-weight: 400;\">Felipe Ribeiro Ferrazoli, diretor de Marketing da Omie, explica sobre a import\u00e2ncia de se construir uma persona da clientela de um empreendedor, inclusive o cont\u00e1bil, para que se possa entender melhor sobre seu mercado de atua\u00e7\u00e3o e quais as melhores formas de impactar esses clientes.<\/span><\/p>\n<blockquote><p><b>Leia mais: <\/b><a href=\"https:\/\/www.portalcontnews.com.br\/o-que-e-persona-e-porque-voce-precisa-montar-uma-para-encontrar-clientes-com-mais-facilidade\/\" target=\"_blank\" rel=\"noopener\"><b>ContNews<\/b><\/a><\/p><\/blockquote>\n<h2><strong>Neg\u00f3cios<\/strong><\/h2>\n<h4><b>4 medidas para aumentar as chances de sucesso do seu neg\u00f3cio<\/b><\/h4>\n<p><span style=\"font-weight: 400;\">Confira dicas do Ita\u00fa Empresas para obter sucesso nos neg\u00f3cios, principalmente para aqueles que est\u00e3o come\u00e7ando a empreender, como o investimento em tecnologias de gest\u00e3o como o ERP Omie.<\/span><\/p>\n<blockquote><p><b>Leia mais: <\/b><a href=\"https:\/\/revistapegn.globo.com\/conteudo-de-marca\/seu-negocio-itau-empresas\/noticia\/2023\/02\/4-medidas-para-aumentar-as-chances-de-sucesso-do-seu-negocio.ghtml\" target=\"_blank\" rel=\"noopener\"><b>PEGN<\/b><\/a><\/p><\/blockquote>\n","protected":false},"excerpt":{"rendered":"<p>Confira os principais releases da Omie na imprensa nas \u00faltimas semanas. <\/p>\n","protected":false},"author":10,"featured_media":9821,"comment_status":"closed","ping_status":"closed","sticky":false,"template":"","format":"standard","meta":{"footnotes":""},"categories":[406],"tags":[],"class_list":["post-9814","post","type-post","status-publish","format-standard","has-post-thumbnail","hentry","category-imprensa"],"_links":{"self":[{"href":"https:\/\/www.omie.com.br\/blog\/wp-json\/wp\/v2\/posts\/9814","targetHints":{"allow":["GET"]}}],"collection":[{"href":"https:\/\/www.omie.com.br\/blog\/wp-json\/wp\/v2\/posts"}],"about":[{"href":"https:\/\/www.omie.com.br\/blog\/wp-json\/wp\/v2\/types\/post"}],"author":[{"embeddable":true,"href":"https:\/\/www.omie.com.br\/blog\/wp-json\/wp\/v2\/users\/10"}],"replies":[{"embeddable":true,"href":"https:\/\/www.omie.com.br\/blog\/wp-json\/wp\/v2\/comments?post=9814"}],"version-history":[{"count":0,"href":"https:\/\/www.omie.com.br\/blog\/wp-json\/wp\/v2\/posts\/9814\/revisions"}],"wp:featuredmedia":[{"embeddable":true,"href":"https:\/\/www.omie.com.br\/blog\/wp-json\/wp\/v2\/media\/9821"}],"wp:attachment":[{"href":"https:\/\/www.omie.com.br\/blog\/wp-json\/wp\/v2\/media?parent=9814"}],"wp:term":[{"taxonomy":"category","embeddable":true,"href":"https:\/\/www.omie.com.br\/blog\/wp-json\/wp\/v2\/categories?post=9814"},{"taxonomy":"post_tag","embeddable":true,"href":"https:\/\/www.omie.com.br\/blog\/wp-json\/wp\/v2\/tags?post=9814"}],"curies":[{"name":"wp","href":"https:\/\/api.w.org\/{rel}","templated":true}]}}